{"id":62584,"date":"2024-08-27T07:42:39","date_gmt":"2024-08-27T13:42:39","guid":{"rendered":"https:\/\/elinformante.mx\/?p=62584"},"modified":"2024-08-27T07:42:40","modified_gmt":"2024-08-27T13:42:40","slug":"niega-titular-de-profeco-haber-cometido-abuso-sexual","status":"publish","type":"post","link":"https:\/\/elinformante.mx\/?p=62584","title":{"rendered":"Niega titular de Profeco haber cometido abuso sexual"},"content":{"rendered":"\n<blockquote class=\"wp-block-quote is-layout-flow wp-block-quote-is-layout-flow\">\n<p>En abril, David Aguilar Romero fue acusado de abuso sexual y acoso laboral. Su acusadora public\u00f3 audios y mensajes de WhatsApp.<\/p>\n<\/blockquote>\n\n\n\n<p>El titular de la Procuradur\u00eda Federal del Consumidor (Profeco), David Aguilar Romero, neg\u00f3 este lunes haber cometido abuso sexual contra una extrabajadora aunque acept\u00f3 que est\u00e1 bajo investigaci\u00f3n de la Secretar\u00eda de la Funci\u00f3n P\u00fablica (SFP).<br><\/p>\n\n\n\n<p>\u201cHace ya casi dos meses, la Comisi\u00f3n Nacional de Derechos Humanos (CNDH), el 28 de junio, concluy\u00f3 tras realizar una investigaci\u00f3n que no hab\u00eda elementos, no los hubo, para determinar que se hab\u00edan afectado los derechos humanos que promovi\u00f3 dicha acusaci\u00f3n\u201d, declar\u00f3 el funcionario en la conferencia matutina del presidente Andr\u00e9s Manuel L\u00f3pez Obrador.<br><\/p>\n\n\n\n<p>El procurador neg\u00f3 las afirmaciones de su excolaboradora Giovanna Salem, quien en abril lo acus\u00f3 de abuso sexual y acoso laboral, y public\u00f3 audios y mensajes de WhatsApp de Aguilar Romero y otros trabajadores de la dependencia.<br><\/p>\n\n\n\n<p>Salem ha tambi\u00e9n cuestionado que Aguilar Romero siga al frente de la dependencia y que L\u00f3pez Obrador a\u00fan lo presente cada lunes en su conferencia matutina, en la que el procurador rinde el informe de \u2018\u00bfQui\u00e9n es qui\u00e9n en los precios?\u2019, en el que compara gasolineras y supermercados.<br><\/p>\n\n\n\n<p>\u201cYo he estado antes, ahora, durante y despu\u00e9s totalmente dispuesto para que de manera inmediata yo pueda participar y contribuir con lo que se me solicite\u201d, sostuvo.<br><\/p>\n\n\n\n<p>El funcionario revel\u00f3 que contrat\u00f3 a un despacho externo para defenderse, despu\u00e9s de reportes de la prensa nacional que se\u00f1alaban que estaba usando a empleados jur\u00eddicos de la dependencia para su caso personal.<br><\/p>\n\n\n\n<p>\u201cYo soy el primer interesado en que se conozca la verdad, entonces esperaremos a esas investigaciones en lo administrativo y en lo que toque a las instancias correspondientes, si es el caso de lo Judicial, yo estar\u00e9 atento para tambi\u00e9n atenderlas\u201d, expuso.<\/p>\n","protected":false},"excerpt":{"rendered":"<p>En abril, David Aguilar Romero fue acusado de abuso sexual y acoso laboral. Su acusadora public\u00f3 audios y mensajes de WhatsApp. El titular de la Procuradur\u00eda Federal del Consumidor (Profeco), David Aguilar Romero, neg\u00f3 este lunes haber cometido abuso sexual contra una extrabajadora aunque acept\u00f3 que est\u00e1 bajo investigaci\u00f3n de la Secretar\u00eda de la Funci\u00f3n [&hellip;]<\/p>\n","protected":false},"author":1,"featured_media":62585,"comment_status":"closed","ping_status":"closed","sticky":false,"template":"","format":"standard","meta":{"footnotes":""},"categories":[30,34],"tags":[],"class_list":["post-62584","post","type-post","status-publish","format-standard","has-post-thumbnail","hentry","category-destacado","category-nacional"],"_links":{"self":[{"href":"https:\/\/elinformante.mx\/index.php?rest_route=\/wp\/v2\/posts\/62584","targetHints":{"allow":["GET"]}}],"collection":[{"href":"https:\/\/elinformante.mx\/index.php?rest_route=\/wp\/v2\/posts"}],"about":[{"href":"https:\/\/elinformante.mx\/index.php?rest_route=\/wp\/v2\/types\/post"}],"author":[{"embeddable":true,"href":"https:\/\/elinformante.mx\/index.php?rest_route=\/wp\/v2\/users\/1"}],"replies":[{"embeddable":true,"href":"https:\/\/elinformante.mx\/index.php?rest_route=%2Fwp%2Fv2%2Fcomments&post=62584"}],"version-history":[{"count":0,"href":"https:\/\/elinformante.mx\/index.php?rest_route=\/wp\/v2\/posts\/62584\/revisions"}],"wp:featuredmedia":[{"embeddable":true,"href":"https:\/\/elinformante.mx\/index.php?rest_route=\/wp\/v2\/media\/62585"}],"wp:attachment":[{"href":"https:\/\/elinformante.mx\/index.php?rest_route=%2Fwp%2Fv2%2Fmedia&parent=62584"}],"wp:term":[{"taxonomy":"category","embeddable":true,"href":"https:\/\/elinformante.mx\/index.php?rest_route=%2Fwp%2Fv2%2Fcategories&post=62584"},{"taxonomy":"post_tag","embeddable":true,"href":"https:\/\/elinformante.mx\/index.php?rest_route=%2Fwp%2Fv2%2Ftags&post=62584"}],"curies":[{"name":"wp","href":"https:\/\/api.w.org\/{rel}","templated":true}]}}