{"id":62596,"date":"2024-08-27T07:56:43","date_gmt":"2024-08-27T13:56:43","guid":{"rendered":"https:\/\/elinformante.mx\/?p=62596"},"modified":"2024-08-27T07:56:45","modified_gmt":"2024-08-27T13:56:45","slug":"protestas-en-el-angel-de-la-independencia-contra-la-reforma-judicial","status":"publish","type":"post","link":"https:\/\/elinformante.mx\/?p=62596","title":{"rendered":"Protestas en el \u00c1ngel de la Independencia contra la Reforma Judicial"},"content":{"rendered":"\n<blockquote class=\"wp-block-quote is-layout-flow wp-block-quote-is-layout-flow\">\n<p>La pol\u00e9mica reforma al Poder Judicial en M\u00e9xico ha derivado en preocupaciones de diversos organismos e instituciones por los efectos que tendr\u00e1 la misma en aspectos pol\u00edticos, econ\u00f3micos y sociales del pa\u00eds.<\/p>\n<\/blockquote>\n\n\n\n<p>Unos 2 mil manifestantes, entre trabajadores, jueces y magistrados del Poder Judicial de la Federaci\u00f3n (PJF) de M\u00e9xico, en paro de labores, protestaron contra la reforma del presidente mexicano, Andr\u00e9s Manuel L\u00f3pez Obrador, que propone la elecci\u00f3n de jueces por voto popular, en una movilizaci\u00f3n en el \u00c1ngel de la Independencia, en Ciudad de M\u00e9xico.<br><\/p>\n\n\n\n<p>La manifestaci\u00f3n ocurri\u00f3 luego de que dicha reforma fue aprobada en lo general y en lo particular en la Comisi\u00f3n de Puntos Constitucionales de la C\u00e1mara de Diputados.<br><\/p>\n\n\n\n<p>\u201c\u00a1Justicia independiente, derecho de la gente!\u201d, gritaban los trabajadores judiciales de todo el pa\u00eds que manifestaron su rechazo a la pol\u00e9mica reforma de la que los congresistas mexicanas discutir\u00e1n 330 reservas al dictamen aprobado.<br><\/p>\n\n\n\n<p>La reforma del presidente L\u00f3pez Obrador dio el primer paso tras ser aprobada en lo general y en lo particular por la mayor\u00eda oficialista en la Comisi\u00f3n de Puntos Constitucionales de la C\u00e1mara de Diputados.<br><\/p>\n\n\n\n<p>El dictamen, que incluye 100 modificaciones propuestas por Morena, plantea dos elecciones para renovar los cargos del Poder Judicial, la primera de ellas extraordinaria, en junio de 2025.<br><\/p>\n\n\n\n<p>El oficialismo prev\u00e9 votar la reforma en el pleno en septiembre, cuando tendr\u00e1 los dos tercios del Congreso, necesarios para modificar la Constituci\u00f3n, tras las elecciones del 2 de junio.<\/p>\n","protected":false},"excerpt":{"rendered":"<p>La pol\u00e9mica reforma al Poder Judicial en M\u00e9xico ha derivado en preocupaciones de diversos organismos e instituciones por los efectos que tendr\u00e1 la misma en aspectos pol\u00edticos, econ\u00f3micos y sociales del pa\u00eds. Unos 2 mil manifestantes, entre trabajadores, jueces y magistrados del Poder Judicial de la Federaci\u00f3n (PJF) de M\u00e9xico, en paro de labores, protestaron [&hellip;]<\/p>\n","protected":false},"author":1,"featured_media":62597,"comment_status":"closed","ping_status":"closed","sticky":false,"template":"","format":"standard","meta":{"footnotes":""},"categories":[30,34,31],"tags":[],"class_list":["post-62596","post","type-post","status-publish","format-standard","has-post-thumbnail","hentry","category-destacado","category-nacional","category-portada"],"_links":{"self":[{"href":"https:\/\/elinformante.mx\/index.php?rest_route=\/wp\/v2\/posts\/62596","targetHints":{"allow":["GET"]}}],"collection":[{"href":"https:\/\/elinformante.mx\/index.php?rest_route=\/wp\/v2\/posts"}],"about":[{"href":"https:\/\/elinformante.mx\/index.php?rest_route=\/wp\/v2\/types\/post"}],"author":[{"embeddable":true,"href":"https:\/\/elinformante.mx\/index.php?rest_route=\/wp\/v2\/users\/1"}],"replies":[{"embeddable":true,"href":"https:\/\/elinformante.mx\/index.php?rest_route=%2Fwp%2Fv2%2Fcomments&post=62596"}],"version-history":[{"count":0,"href":"https:\/\/elinformante.mx\/index.php?rest_route=\/wp\/v2\/posts\/62596\/revisions"}],"wp:featuredmedia":[{"embeddable":true,"href":"https:\/\/elinformante.mx\/index.php?rest_route=\/wp\/v2\/media\/62597"}],"wp:attachment":[{"href":"https:\/\/elinformante.mx\/index.php?rest_route=%2Fwp%2Fv2%2Fmedia&parent=62596"}],"wp:term":[{"taxonomy":"category","embeddable":true,"href":"https:\/\/elinformante.mx\/index.php?rest_route=%2Fwp%2Fv2%2Fcategories&post=62596"},{"taxonomy":"post_tag","embeddable":true,"href":"https:\/\/elinformante.mx\/index.php?rest_route=%2Fwp%2Fv2%2Ftags&post=62596"}],"curies":[{"name":"wp","href":"https:\/\/api.w.org\/{rel}","templated":true}]}}