{"id":62849,"date":"2024-08-30T06:40:25","date_gmt":"2024-08-30T12:40:25","guid":{"rendered":"https:\/\/elinformante.mx\/?p=62849"},"modified":"2024-08-30T06:40:27","modified_gmt":"2024-08-30T12:40:27","slug":"sujeto-es-sentenciado-a-43-anos-de-prision-por-homicidio","status":"publish","type":"post","link":"https:\/\/elinformante.mx\/?p=62849","title":{"rendered":"Sujeto es sentenciado a 43 a\u00f1os de prisi\u00f3n por homicidio"},"content":{"rendered":"\n<blockquote class=\"wp-block-quote is-layout-flow wp-block-quote-is-layout-flow\">\n<p>La agresi\u00f3n la cometi\u00f3 el 14 de agosto de 2021, en la carretera Lecher\u00eda-Texcoco, colonia La Pur\u00edsima, en Ecatepec.<\/p>\n<\/blockquote>\n\n\n\n<p>La FGJEM aport\u00f3 pruebas en contra de Erik Rodr\u00edguez Morales, por lo que se le dict\u00f3 una condena de 43 a\u00f1os y 9 meses de prisi\u00f3n, por su responsabilidad en el delito de homicidio calificado en agravio de un hombre en Ecatepec.<br><\/p>\n\n\n\n<p>El 14 de agosto de 2021, el sentenciado deton\u00f3 un arma de fuego en contra de la v\u00edctima, ocasion\u00e1ndole la muerte, esto cuando se encontraban al interior de una camioneta marca Ford, en la carretera Lecher\u00eda-Texcoco, colonia La Pur\u00edsima en Ecatepec.<br><\/p>\n\n\n\n<p>La investigaci\u00f3n precis\u00f3 que ese d\u00eda, tanto la v\u00edctima como Erik Rodr\u00edguez Morales, se encontraban a bordo de la camioneta, donde este \u00faltimo cometi\u00f3 la agresi\u00f3n, posteriormente el ahora sentenciado descendi\u00f3 de la unidad automotora y de nueva cuenta realiz\u00f3 disparos contra la v\u00edctima.<br><\/p>\n\n\n\n<p>Este individuo despu\u00e9s entreg\u00f3 el arma de fuego a un individuo que se encontraba a bordo de un autom\u00f3vil, en las inmediaciones del lugar de los hechos, y huy\u00f3 del lugar.<br><\/p>\n\n\n\n<p>El Ministerio P\u00fablico inici\u00f3 una investigaci\u00f3n por los hechos y fue posible la captura del responsable del homicidio, por lo que fue ingresado al Centro Penitenciario y de Reinserci\u00f3n Social de Ecatepec.<br><\/p>\n\n\n\n<p>Adem\u00e1s de la pena privativa de libertad, este individuo deber\u00e1 pagar multa de 110 mil 859 pesos y 196 mil 267 pesos como reparaci\u00f3n del da\u00f1o, en tanto que sus derechos civiles y pol\u00edticos quedaron suspendidos.<\/p>\n","protected":false},"excerpt":{"rendered":"<p>La agresi\u00f3n la cometi\u00f3 el 14 de agosto de 2021, en la carretera Lecher\u00eda-Texcoco, colonia La Pur\u00edsima, en Ecatepec. La FGJEM aport\u00f3 pruebas en contra de Erik Rodr\u00edguez Morales, por lo que se le dict\u00f3 una condena de 43 a\u00f1os y 9 meses de prisi\u00f3n, por su responsabilidad en el delito de homicidio calificado en [&hellip;]<\/p>\n","protected":false},"author":1,"featured_media":62850,"comment_status":"closed","ping_status":"closed","sticky":false,"template":"","format":"standard","meta":{"footnotes":""},"categories":[36,37],"tags":[],"class_list":["post-62849","post","type-post","status-publish","format-standard","has-post-thumbnail","hentry","category-edomex","category-justicia"],"_links":{"self":[{"href":"https:\/\/elinformante.mx\/index.php?rest_route=\/wp\/v2\/posts\/62849","targetHints":{"allow":["GET"]}}],"collection":[{"href":"https:\/\/elinformante.mx\/index.php?rest_route=\/wp\/v2\/posts"}],"about":[{"href":"https:\/\/elinformante.mx\/index.php?rest_route=\/wp\/v2\/types\/post"}],"author":[{"embeddable":true,"href":"https:\/\/elinformante.mx\/index.php?rest_route=\/wp\/v2\/users\/1"}],"replies":[{"embeddable":true,"href":"https:\/\/elinformante.mx\/index.php?rest_route=%2Fwp%2Fv2%2Fcomments&post=62849"}],"version-history":[{"count":0,"href":"https:\/\/elinformante.mx\/index.php?rest_route=\/wp\/v2\/posts\/62849\/revisions"}],"wp:featuredmedia":[{"embeddable":true,"href":"https:\/\/elinformante.mx\/index.php?rest_route=\/wp\/v2\/media\/62850"}],"wp:attachment":[{"href":"https:\/\/elinformante.mx\/index.php?rest_route=%2Fwp%2Fv2%2Fmedia&parent=62849"}],"wp:term":[{"taxonomy":"category","embeddable":true,"href":"https:\/\/elinformante.mx\/index.php?rest_route=%2Fwp%2Fv2%2Fcategories&post=62849"},{"taxonomy":"post_tag","embeddable":true,"href":"https:\/\/elinformante.mx\/index.php?rest_route=%2Fwp%2Fv2%2Ftags&post=62849"}],"curies":[{"name":"wp","href":"https:\/\/api.w.org\/{rel}","templated":true}]}}