{"id":62893,"date":"2024-08-30T07:23:36","date_gmt":"2024-08-30T13:23:36","guid":{"rendered":"https:\/\/elinformante.mx\/?p=62893"},"modified":"2024-08-30T07:23:37","modified_gmt":"2024-08-30T13:23:37","slug":"dan-a-conocer-las-estrategias-del-programa-hidrico-regional-en-edomex","status":"publish","type":"post","link":"https:\/\/elinformante.mx\/?p=62893","title":{"rendered":"Dan a conocer las estrategias del Programa H\u00eddrico Regional en Edom\u00e9x"},"content":{"rendered":"\n<blockquote class=\"wp-block-quote is-layout-flow wp-block-quote-is-layout-flow\">\n<p>Anuncian que, paralelo a dicho programa, se realizar\u00e1 la jornada \u201cLimpiemos Nuestro Edom\u00e9x\u201d, pues se ha identificado que los residuos s\u00f3lidos son factor constante de las inundaciones.<\/p>\n<\/blockquote>\n\n\n\n<p>Como parte del plan de acci\u00f3n para garantizar el derecho humano al agua, el Secretario del Agua, Pedro Moctezuma Barrag\u00e1n acudi\u00f3 al municipio de Chalco, donde se llev\u00f3 a cabo una reuni\u00f3n para proyectar el Programa H\u00eddrico Regional Valle de M\u00e9xico Sur, instruido por la Gobernadora del Estado de M\u00e9xico Delfina G\u00f3mez \u00c1lvarez.<br><\/p>\n\n\n\n<p>El objetivo es implementar un proceso de planeaci\u00f3n participativo con los grupos involucrados en los Programas H\u00eddricos Regionales para socializar los avances, profundizar y jerarquizar las problem\u00e1ticas detectadas en el proceso de pre-diagn\u00f3stico y sus soluciones; adem\u00e1s de establecer una red de actores de acuerdo con sus corresponsabilidades.<br><\/p>\n\n\n\n<p>La estrategia se basa en crear talleres de diagn\u00f3stico con perspectiva de cuenca, visitar las zonas que tienen un factor de riesgo h\u00eddrico mayor y realizar una mesa de trabajo regional.<br><\/p>\n\n\n\n<p>Estas reuniones iniciar\u00e1n en septiembre y en ellas se identificar\u00e1n las \u00e1reas que se tienen que reforzar, sus debilidades y actores clave para las soluciones de las cuencas Alta, Media y Baja.<br><\/p>\n\n\n\n<p>En octubre se visitar\u00e1n las zonas cr\u00edticas para identificar los problemas asociados con la infraestructura, desabasto y fuentes de agua. Para finalizar se realizar\u00e1 un taller regional donde se generar\u00e1n objetivos y soluciones, adem\u00e1s de definir las l\u00edneas estrat\u00e9gicas y de acci\u00f3n.<br><\/p>\n\n\n\n<p>Pedro Moctezuma Barrag\u00e1n explic\u00f3 que la problem\u00e1tica que la Secretar\u00eda del Agua y la Comisi\u00f3n del Agua del Estado de M\u00e9xico (CAEM) han identificado como un factor constante de las inundaciones son los residuos s\u00f3lidos, por lo que la Gobernadora dio pauta a la campa\u00f1a \u201cLimpiemos Nuestro Edom\u00e9x\u201d, el 30 de agosto del a\u00f1o en curso, acci\u00f3n que se replicar\u00e1 de manera simult\u00e1nea en todos los municipios mexiquenses.<br><\/p>\n\n\n\n<p>La Regi\u00f3n Valle de M\u00e9xico Sur comprende la cuenca alta de los R\u00edos de \u201cLa Compa\u00f1\u00eda\u201d y el R\u00edo Amecameca, donde los componentes estrat\u00e9gicos del Estado de M\u00e9xico son el Parque Ecol\u00f3gico Lago de Texcoco, Lago Tl\u00e1huac-Xico, Chalco Tlalteles, Sierra Nevada y Cuenca del R\u00edo Ameca.<\/p>\n","protected":false},"excerpt":{"rendered":"<p>Anuncian que, paralelo a dicho programa, se realizar\u00e1 la jornada \u201cLimpiemos Nuestro Edom\u00e9x\u201d, pues se ha identificado que los residuos s\u00f3lidos son factor constante de las inundaciones. Como parte del plan de acci\u00f3n para garantizar el derecho humano al agua, el Secretario del Agua, Pedro Moctezuma Barrag\u00e1n acudi\u00f3 al municipio de Chalco, donde se llev\u00f3 [&hellip;]<\/p>\n","protected":false},"author":1,"featured_media":62894,"comment_status":"closed","ping_status":"closed","sticky":false,"template":"","format":"standard","meta":{"footnotes":""},"categories":[30,36,31],"tags":[],"class_list":["post-62893","post","type-post","status-publish","format-standard","has-post-thumbnail","hentry","category-destacado","category-edomex","category-portada"],"_links":{"self":[{"href":"https:\/\/elinformante.mx\/index.php?rest_route=\/wp\/v2\/posts\/62893","targetHints":{"allow":["GET"]}}],"collection":[{"href":"https:\/\/elinformante.mx\/index.php?rest_route=\/wp\/v2\/posts"}],"about":[{"href":"https:\/\/elinformante.mx\/index.php?rest_route=\/wp\/v2\/types\/post"}],"author":[{"embeddable":true,"href":"https:\/\/elinformante.mx\/index.php?rest_route=\/wp\/v2\/users\/1"}],"replies":[{"embeddable":true,"href":"https:\/\/elinformante.mx\/index.php?rest_route=%2Fwp%2Fv2%2Fcomments&post=62893"}],"version-history":[{"count":0,"href":"https:\/\/elinformante.mx\/index.php?rest_route=\/wp\/v2\/posts\/62893\/revisions"}],"wp:featuredmedia":[{"embeddable":true,"href":"https:\/\/elinformante.mx\/index.php?rest_route=\/wp\/v2\/media\/62894"}],"wp:attachment":[{"href":"https:\/\/elinformante.mx\/index.php?rest_route=%2Fwp%2Fv2%2Fmedia&parent=62893"}],"wp:term":[{"taxonomy":"category","embeddable":true,"href":"https:\/\/elinformante.mx\/index.php?rest_route=%2Fwp%2Fv2%2Fcategories&post=62893"},{"taxonomy":"post_tag","embeddable":true,"href":"https:\/\/elinformante.mx\/index.php?rest_route=%2Fwp%2Fv2%2Ftags&post=62893"}],"curies":[{"name":"wp","href":"https:\/\/api.w.org\/{rel}","templated":true}]}}