{"id":62907,"date":"2024-08-30T07:34:32","date_gmt":"2024-08-30T13:34:32","guid":{"rendered":"https:\/\/elinformante.mx\/?p=62907"},"modified":"2024-08-30T07:35:20","modified_gmt":"2024-08-30T13:35:20","slug":"entregan-reconocimiento-a-lia-limon-por-retiro-de-cables-en-desuso","status":"publish","type":"post","link":"https:\/\/elinformante.mx\/?p=62907","title":{"rendered":"Entregan reconocimiento a L\u00eda Lim\u00f3n por retiro de cables en desuso"},"content":{"rendered":"\n<blockquote class=\"wp-block-quote is-layout-flow wp-block-quote-is-layout-flow\">\n<p>En la alcald\u00eda \u00c1lvaro Obreg\u00f3n se retiraron de m\u00e1s de 95 toneladas de cable que ya no se usaban<\/p>\n<\/blockquote>\n\n\n\n<p>La alcaldesa de \u00c1lvaro Obreg\u00f3n, L\u00eda Lim\u00f3n, recibi\u00f3 la menci\u00f3n honor\u00edfica \u201cAliados del Despliegue de Infraestructura para el Desarrollo Digital 2024\u201d, que otorga el Instituto Federal de Telecomunicaciones.<br><\/p>\n\n\n\n<p>El reconocimiento fue debido a las acciones emprendidas durante su gesti\u00f3n para el retiro de m\u00e1s de 95 toneladas de cable en desuso en la alcald\u00eda.<br><\/p>\n\n\n\n<p>En el marco del Foro para el Desarrollo Digital Desde lo Local, organizado por el IFT, se puso de manifiesto que este galard\u00f3n reconoce los esfuerzos de la alcaldesa por promover pr\u00e1cticas sostenibles y responsables con el medio ambiente.<br><\/p>\n\n\n\n<figure class=\"wp-block-image size-large\"><img fetchpriority=\"high\" decoding=\"async\" width=\"1024\" height=\"503\" src=\"https:\/\/elinformante.mx\/wp-content\/uploads\/2024\/08\/6lia-11-1024x503.jpg\" alt=\"\" class=\"wp-image-62910\" srcset=\"https:\/\/elinformante.mx\/wp-content\/uploads\/2024\/08\/6lia-11-1024x503.jpg 1024w, https:\/\/elinformante.mx\/wp-content\/uploads\/2024\/08\/6lia-11-300x147.jpg 300w, https:\/\/elinformante.mx\/wp-content\/uploads\/2024\/08\/6lia-11-768x377.jpg 768w, https:\/\/elinformante.mx\/wp-content\/uploads\/2024\/08\/6lia-11-580x285.jpg 580w, https:\/\/elinformante.mx\/wp-content\/uploads\/2024\/08\/6lia-11-860x422.jpg 860w, https:\/\/elinformante.mx\/wp-content\/uploads\/2024\/08\/6lia-11.jpg 1140w\" sizes=\"(max-width: 1024px) 100vw, 1024px\" \/><\/figure>\n\n\n\n<p>L\u00eda Lim\u00f3n destac\u00f3 la importancia de estas medidas para seguir liberando espacios y contribuir al bienestar de la comunidad, eliminando el riesgo que representa para la poblaci\u00f3n; as\u00ed como muestra del compromiso de su gobierno con la sostenibilidad y el ordenamiento urbano.<br><\/p>\n\n\n\n<p>Resalt\u00f3 que uno de los objetivos de su gobierno ha sido dignificar y mejorar la calidad de vida de quienes habitan en \u00c1lvaro Obreg\u00f3n y con ese objetivo, se recuperaron m\u00e1s de 150 espacios p\u00fablicos y se han mejorado los servicios y la infraestructura urbana.<br><\/p>\n\n\n\n<p>\u201cFue una iniciativa muy sencilla que tuvo un impacto relevante en el d\u00eda a d\u00eda de los ciudadanos. Espero que esta sea una iniciativa que se contin\u00fae, no solo en la alcald\u00eda sino en muchas otras partes de la Ciudad, mientras se logra un punto en que se empiece a trabajar de fondo en el cableado subterr\u00e1neo\u201d, precis\u00f3 la alcaldesa.<br><\/p>\n\n\n\n<p>Record\u00f3 que esta iniciativa se lleva a cabo gracias a un convenio para el reordenamiento y retiro de cableado a\u00e9reo en desuso en la v\u00eda p\u00fablica, establecido con la C\u00e1mara Nacional de la Industria Electr\u00f3nica de Telecomunicaciones y Tecnolog\u00edas de la Informaci\u00f3n (Canieti) y la Asociaci\u00f3n Nacional de Telecomunicaciones (Anatel).<\/p>\n","protected":false},"excerpt":{"rendered":"<p>En la alcald\u00eda \u00c1lvaro Obreg\u00f3n se retiraron de m\u00e1s de 95 toneladas de cable que ya no se usaban La alcaldesa de \u00c1lvaro Obreg\u00f3n, L\u00eda Lim\u00f3n, recibi\u00f3 la menci\u00f3n honor\u00edfica \u201cAliados del Despliegue de Infraestructura para el Desarrollo Digital 2024\u201d, que otorga el Instituto Federal de Telecomunicaciones. El reconocimiento fue debido a las acciones emprendidas [&hellip;]<\/p>\n","protected":false},"author":1,"featured_media":62909,"comment_status":"closed","ping_status":"closed","sticky":false,"template":"","format":"standard","meta":{"footnotes":""},"categories":[35,30],"tags":[],"class_list":["post-62907","post","type-post","status-publish","format-standard","has-post-thumbnail","hentry","category-cdmx","category-destacado"],"_links":{"self":[{"href":"https:\/\/elinformante.mx\/index.php?rest_route=\/wp\/v2\/posts\/62907","targetHints":{"allow":["GET"]}}],"collection":[{"href":"https:\/\/elinformante.mx\/index.php?rest_route=\/wp\/v2\/posts"}],"about":[{"href":"https:\/\/elinformante.mx\/index.php?rest_route=\/wp\/v2\/types\/post"}],"author":[{"embeddable":true,"href":"https:\/\/elinformante.mx\/index.php?rest_route=\/wp\/v2\/users\/1"}],"replies":[{"embeddable":true,"href":"https:\/\/elinformante.mx\/index.php?rest_route=%2Fwp%2Fv2%2Fcomments&post=62907"}],"version-history":[{"count":0,"href":"https:\/\/elinformante.mx\/index.php?rest_route=\/wp\/v2\/posts\/62907\/revisions"}],"wp:featuredmedia":[{"embeddable":true,"href":"https:\/\/elinformante.mx\/index.php?rest_route=\/wp\/v2\/media\/62909"}],"wp:attachment":[{"href":"https:\/\/elinformante.mx\/index.php?rest_route=%2Fwp%2Fv2%2Fmedia&parent=62907"}],"wp:term":[{"taxonomy":"category","embeddable":true,"href":"https:\/\/elinformante.mx\/index.php?rest_route=%2Fwp%2Fv2%2Fcategories&post=62907"},{"taxonomy":"post_tag","embeddable":true,"href":"https:\/\/elinformante.mx\/index.php?rest_route=%2Fwp%2Fv2%2Ftags&post=62907"}],"curies":[{"name":"wp","href":"https:\/\/api.w.org\/{rel}","templated":true}]}}