{"id":62931,"date":"2024-08-30T07:57:15","date_gmt":"2024-08-30T13:57:15","guid":{"rendered":"https:\/\/elinformante.mx\/?p=62931"},"modified":"2024-08-30T07:57:16","modified_gmt":"2024-08-30T13:57:16","slug":"pausar-la-relacion-con-estados-unidos","status":"publish","type":"post","link":"https:\/\/elinformante.mx\/?p=62931","title":{"rendered":"\u201cPAUSAR\u201d LA RELACI\u00d3N CON ESTADOS UNIDOS"},"content":{"rendered":"\n<blockquote class=\"wp-block-quote is-layout-flow wp-block-quote-is-layout-flow\">\n<p><strong>Por Alexia Bautista<\/strong><\/p>\n<\/blockquote>\n\n\n\n<p>No tengo duda de que todo proyecto nacional debe tener como meta la afirmaci\u00f3n, defensa y ampliaci\u00f3n de la soberan\u00eda. La soberan\u00eda es un atributo esencial del Estado-naci\u00f3n, el fundamento b\u00e1sico de la existencia de un pa\u00eds como entidad independiente. Se trata de la capacidad de un Estado para definir de manera aut\u00f3noma tanto su forma de gobierno y las pol\u00edticas p\u00fablicas que aplican en su territorio, como las pol\u00edticas que adoptan en sus relaciones con otros Estados.<br><\/p>\n\n\n\n<p>Sin embargo, jugar la carta de la defensa de la soberan\u00eda nacional para desestimar y descalificar la preocupaci\u00f3n leg\u00edtima que distintos actores internacionales \u2014entre ellos Estados Unidos y Canad\u00e1\u2014 han expresado por las posibles repercusiones de la reforma judicial propuesta por el presidente L\u00f3pez Obrador es sintom\u00e1tica de una visi\u00f3n de pa\u00eds estrecha y anclada en el pasado.<br><\/p>\n\n\n\n<p>Y es que la defensa de la soberan\u00eda, en particular frente a Estados Unidos, fue el eje central de la pol\u00edtica exterior de M\u00e9xico durante el siglo XX. Un ejemplo representativo de esto ocurri\u00f3 en 1913, cuando que los grandes imperios de la \u00e9poca respondieron a la convocatoria del embajador estadunidense, Henry Lane Wilson, para pedir la renuncia del presidente Francisco I. Madero. Este hecho dej\u00f3 una huella profunda en el imaginario colectivo del pa\u00eds y se tradujo en uno de los principios esenciales que todav\u00eda hoy gu\u00edan la pol\u00edtica exterior del pa\u00eds: la no intervenci\u00f3n.<br><\/p>\n\n\n\n<p>Sin embargo, desde entonces, el pa\u00eds y la realidad internacional han cambiado radicalmente. Para empezar, el proyecto del nacionalismo revolucionario (que, por cierto, parece encontrar algunos ecos en el de la cuarta transformaci\u00f3n) se agot\u00f3 y hoy la soberan\u00eda nacional no est\u00e1 en riesgo \u2014al menos no por las declaraciones del Embajador Ken Salazar\u2014. No s\u00f3lo eso, el pa\u00eds apost\u00f3 por un modelo econ\u00f3mico volcado al exterior y la integraci\u00f3n econ\u00f3mica entre M\u00e9xico y Estados Unidos es una realidad tangible. Por supuesto que esto no significa que M\u00e9xico deba doblegarse a los intereses de su vecino del norte. De ninguna manera. Pero s\u00ed quiere decir que debe considerarlos.<br><\/p>\n\n\n\n<p>La contig\u00fcidad territorial, la asimetr\u00eda de poder y la interdependencia econ\u00f3mica entre ambos pa\u00edses son condiciones ineludibles. Todo esto importa porque si M\u00e9xico quiere evitar que los asuntos del pa\u00eds formen parte de la agenda interna de Estados Unidos, es deseable que las instituciones funcionen y funcionen bien. Esto justifica la m\u00e1xima que tanto le gusta repetir al presidente L\u00f3pez Obrador: \u201cla pol\u00edtica interna es la mejor pol\u00edtica externa\u201d. Adem\u00e1s, no hay que perder de vista que, en la relaci\u00f3n bilateral entre M\u00e9xico y Estados Unidos, la defensa de la soberan\u00eda nacional no pasa por m\u00e9todos tradicionales como el uso de la fuerza. Ser\u00eda un desprop\u00f3sito dada la asimetr\u00eda de poder entre ambos.<br><\/p>\n\n\n\n<p>Hoy, nuestra pol\u00edtica interna no es la m\u00e1s sexy para nuestros vecinos ni para el mundo de la democracia liberal. Sin embargo, esto tiene despreocupado al Ejecutivo que no pod\u00eda desaprovechar la cr\u00edtica norteamericana para reiterar el discurso de la defensa de la soberan\u00eda nacional, pues, a pesar de todo, los mexicanos somos muy nacionalistas y nos encanta envolvernos en la bandera de la patria (como ocurri\u00f3 en abril de este a\u00f1o luego del lamentable episodio en la relaci\u00f3n con Ecuador).<br><\/p>\n\n\n\n<p>Desde mi perspectiva, quiz\u00e1s el presidente est\u00e9 cansado de la tirantez que ha impreso a la relaci\u00f3n con Estados Unidos y que ha mermado la cooperaci\u00f3n entre ambos pa\u00edses. Una muestra contundente de esto fue la detenci\u00f3n, hace apenas unas semanas, de uno de los narcotraficantes m\u00e1s buscados del pa\u00eds en una operaci\u00f3n en la que M\u00e9xico no tuvo nada que ver. \u201cPausar\u201d la relaci\u00f3n con el embajador Ken Salazar, al tiempo que se mantienen las relaciones entre M\u00e9xico y Estados Unidos (dif\u00edcil pensar que sea de otra manera), suena m\u00e1s como un capricho inspirado en el humor del presidente que otra cosa. Algo similar a lo que ocurri\u00f3 con Espa\u00f1a, cuando acus\u00f3 a las empresas energ\u00e9ticas de ese pa\u00eds de tratar a M\u00e9xico como territorio de conquista.<br><\/p>\n\n\n\n<p>Finalmente, a medida que se acerca el cambio de gobierno, bien har\u00edan la presidenta entrante y el futuro secretario de relaciones exteriores se alejen de reacciones impulsivas y de los discursos que evocan un nacionalismo anticuado en favor de una visi\u00f3n estrat\u00e9gica y de largo plazo en la relaci\u00f3n con Estados Unidos.<\/p>\n","protected":false},"excerpt":{"rendered":"<p>Por Alexia Bautista No tengo duda de que todo proyecto nacional debe tener como meta la afirmaci\u00f3n, defensa y ampliaci\u00f3n de la soberan\u00eda. La soberan\u00eda es un atributo esencial del Estado-naci\u00f3n, el fundamento b\u00e1sico de la existencia de un pa\u00eds como entidad independiente. Se trata de la capacidad de un Estado para definir de manera [&hellip;]<\/p>\n","protected":false},"author":1,"featured_media":62932,"comment_status":"closed","ping_status":"closed","sticky":false,"template":"","format":"standard","meta":{"footnotes":""},"categories":[32],"tags":[],"class_list":["post-62931","post","type-post","status-publish","format-standard","has-post-thumbnail","hentry","category-editorial"],"_links":{"self":[{"href":"https:\/\/elinformante.mx\/index.php?rest_route=\/wp\/v2\/posts\/62931","targetHints":{"allow":["GET"]}}],"collection":[{"href":"https:\/\/elinformante.mx\/index.php?rest_route=\/wp\/v2\/posts"}],"about":[{"href":"https:\/\/elinformante.mx\/index.php?rest_route=\/wp\/v2\/types\/post"}],"author":[{"embeddable":true,"href":"https:\/\/elinformante.mx\/index.php?rest_route=\/wp\/v2\/users\/1"}],"replies":[{"embeddable":true,"href":"https:\/\/elinformante.mx\/index.php?rest_route=%2Fwp%2Fv2%2Fcomments&post=62931"}],"version-history":[{"count":0,"href":"https:\/\/elinformante.mx\/index.php?rest_route=\/wp\/v2\/posts\/62931\/revisions"}],"wp:featuredmedia":[{"embeddable":true,"href":"https:\/\/elinformante.mx\/index.php?rest_route=\/wp\/v2\/media\/62932"}],"wp:attachment":[{"href":"https:\/\/elinformante.mx\/index.php?rest_route=%2Fwp%2Fv2%2Fmedia&parent=62931"}],"wp:term":[{"taxonomy":"category","embeddable":true,"href":"https:\/\/elinformante.mx\/index.php?rest_route=%2Fwp%2Fv2%2Fcategories&post=62931"},{"taxonomy":"post_tag","embeddable":true,"href":"https:\/\/elinformante.mx\/index.php?rest_route=%2Fwp%2Fv2%2Ftags&post=62931"}],"curies":[{"name":"wp","href":"https:\/\/api.w.org\/{rel}","templated":true}]}}