{"id":62969,"date":"2024-09-02T06:29:13","date_gmt":"2024-09-02T12:29:13","guid":{"rendered":"https:\/\/elinformante.mx\/?p=62969"},"modified":"2024-09-02T06:29:14","modified_gmt":"2024-09-02T12:29:14","slug":"vinculan-a-proceso-a-sujeto-por-homicidio-cometido-en-valle-de-chalco","status":"publish","type":"post","link":"https:\/\/elinformante.mx\/?p=62969","title":{"rendered":"Vinculan a proceso a sujeto por homicidio cometido en Valle de Chalco"},"content":{"rendered":"\n<blockquote class=\"wp-block-quote is-layout-flow wp-block-quote-is-layout-flow\">\n<p>El investigado, junto con otro individuo, habr\u00edan disparado en contra de la v\u00edctima, ocasion\u00e1ndole la muerte.<\/p>\n<\/blockquote>\n\n\n\n<p>Por el delito de homicidio calificado, un individuo identificado como Marco Antonio \u201cN\u201d fue vinculado a proceso, luego de que la FGJEM acredit\u00f3 su posible intervenci\u00f3n en este il\u00edcito.<br><\/p>\n\n\n\n<p>El Juez determin\u00f3 la vinculaci\u00f3n a proceso de Marco Antonio \u201cN\u201d, adem\u00e1s estableci\u00f3 plazo de dos meses para el cierre de investigaci\u00f3n complementaria y medida cautelar de prisi\u00f3n preventiva justificada.<br><\/p>\n\n\n\n<p>Los hechos por los que se le investiga se registraron el pasado 9 de agosto, cuando Marco Antonio \u201cN\u201d y otro individuo se encontraban con la v\u00edctima en calles de la Colonia Mar\u00eda Isabel, perteneciente al municipio de Valle de Chalco, momento en que ambos individuos sacaron armas de fuego con las que presumiblemente agredieron a la v\u00edctima, para despu\u00e9s huir del lugar.<br><\/p>\n\n\n\n<p>Por los hechos referidos, se inici\u00f3 la investigaci\u00f3n correspondiente que permiti\u00f3 la identificaci\u00f3n de Marco Antonio \u201cN\u201d, como probable implicado de este il\u00edcito, motivo por lo que se solicit\u00f3 a la Autoridad Judicial librar una orden de aprehensi\u00f3n en su contra, misma que una vez cumplimentada, permiti\u00f3 poner a disposici\u00f3n de un Juez al investigado.<\/p>\n","protected":false},"excerpt":{"rendered":"<p>El investigado, junto con otro individuo, habr\u00edan disparado en contra de la v\u00edctima, ocasion\u00e1ndole la muerte. Por el delito de homicidio calificado, un individuo identificado como Marco Antonio \u201cN\u201d fue vinculado a proceso, luego de que la FGJEM acredit\u00f3 su posible intervenci\u00f3n en este il\u00edcito. El Juez determin\u00f3 la vinculaci\u00f3n a proceso de Marco Antonio [&hellip;]<\/p>\n","protected":false},"author":1,"featured_media":62970,"comment_status":"closed","ping_status":"closed","sticky":false,"template":"","format":"standard","meta":{"footnotes":""},"categories":[36,37],"tags":[],"class_list":["post-62969","post","type-post","status-publish","format-standard","has-post-thumbnail","hentry","category-edomex","category-justicia"],"_links":{"self":[{"href":"https:\/\/elinformante.mx\/index.php?rest_route=\/wp\/v2\/posts\/62969","targetHints":{"allow":["GET"]}}],"collection":[{"href":"https:\/\/elinformante.mx\/index.php?rest_route=\/wp\/v2\/posts"}],"about":[{"href":"https:\/\/elinformante.mx\/index.php?rest_route=\/wp\/v2\/types\/post"}],"author":[{"embeddable":true,"href":"https:\/\/elinformante.mx\/index.php?rest_route=\/wp\/v2\/users\/1"}],"replies":[{"embeddable":true,"href":"https:\/\/elinformante.mx\/index.php?rest_route=%2Fwp%2Fv2%2Fcomments&post=62969"}],"version-history":[{"count":0,"href":"https:\/\/elinformante.mx\/index.php?rest_route=\/wp\/v2\/posts\/62969\/revisions"}],"wp:featuredmedia":[{"embeddable":true,"href":"https:\/\/elinformante.mx\/index.php?rest_route=\/wp\/v2\/media\/62970"}],"wp:attachment":[{"href":"https:\/\/elinformante.mx\/index.php?rest_route=%2Fwp%2Fv2%2Fmedia&parent=62969"}],"wp:term":[{"taxonomy":"category","embeddable":true,"href":"https:\/\/elinformante.mx\/index.php?rest_route=%2Fwp%2Fv2%2Fcategories&post=62969"},{"taxonomy":"post_tag","embeddable":true,"href":"https:\/\/elinformante.mx\/index.php?rest_route=%2Fwp%2Fv2%2Ftags&post=62969"}],"curies":[{"name":"wp","href":"https:\/\/api.w.org\/{rel}","templated":true}]}}