{"id":62984,"date":"2024-09-02T06:35:13","date_gmt":"2024-09-02T12:35:13","guid":{"rendered":"https:\/\/elinformante.mx\/?p=62984"},"modified":"2024-09-02T06:35:14","modified_gmt":"2024-09-02T12:35:14","slug":"gem-garantiza-la-participacion-de-los-pueblos-originarios-en-politicas","status":"publish","type":"post","link":"https:\/\/elinformante.mx\/?p=62984","title":{"rendered":"GEM garantiza la participaci\u00f3n de los pueblos originarios en pol\u00edticas"},"content":{"rendered":"\n<blockquote class=\"wp-block-quote is-layout-flow wp-block-quote-is-layout-flow\">\n<p>Realizar\u00e1 una consulta sobre el Protocolo de Actuaci\u00f3n del Instituto de la Defensor\u00eda P\u00fablica.<\/p>\n<\/blockquote>\n\n\n\n<p>La Secretar\u00eda de Bienestar, a trav\u00e9s del Consejo Estatal para el Desarrollo Integral de los Pueblos Ind\u00edgenas del Estado de M\u00e9xico (CEDIPIEM), la Secretar\u00eda de la Contralor\u00eda y el Instituto de la Defensor\u00eda P\u00fablica firmaron un convenio de colaboraci\u00f3n.<br><\/p>\n\n\n\n<p>Para asegurar la participaci\u00f3n inclusiva y efectiva de las etnias, el convenio establece realizar una consulta con los pueblos originarios sobre el Protocolo de Actuaci\u00f3n del Instituto de la Defensor\u00eda P\u00fablica.<br><\/p>\n\n\n\n<figure class=\"wp-block-image size-large\"><img fetchpriority=\"high\" decoding=\"async\" width=\"1024\" height=\"503\" src=\"https:\/\/elinformante.mx\/wp-content\/uploads\/2024\/09\/11gem-2-1024x503.jpg\" alt=\"\" class=\"wp-image-62986\" srcset=\"https:\/\/elinformante.mx\/wp-content\/uploads\/2024\/09\/11gem-2-1024x503.jpg 1024w, https:\/\/elinformante.mx\/wp-content\/uploads\/2024\/09\/11gem-2-300x147.jpg 300w, https:\/\/elinformante.mx\/wp-content\/uploads\/2024\/09\/11gem-2-768x377.jpg 768w, https:\/\/elinformante.mx\/wp-content\/uploads\/2024\/09\/11gem-2-580x285.jpg 580w, https:\/\/elinformante.mx\/wp-content\/uploads\/2024\/09\/11gem-2-860x422.jpg 860w, https:\/\/elinformante.mx\/wp-content\/uploads\/2024\/09\/11gem-2.jpg 1140w\" sizes=\"(max-width: 1024px) 100vw, 1024px\" \/><\/figure>\n\n\n\n<p>La convocatoria se traducir\u00e1 a las lenguas m\u00e1s representativas para garantizar que todas las voces sean escuchadas y previo a su publicaci\u00f3n ser\u00e1 autorizada por el CEDIPIEM.<br><\/p>\n\n\n\n<p>Estas acciones tienen el objetivo de consolidar un marco de actuaci\u00f3n eficiente y transparente que garantice la implementaci\u00f3n de pol\u00edticas p\u00fablicas en beneficio de los pueblos originarios, que les permita contar con mejores oportunidades de crecimiento.<\/p>\n","protected":false},"excerpt":{"rendered":"<p>Realizar\u00e1 una consulta sobre el Protocolo de Actuaci\u00f3n del Instituto de la Defensor\u00eda P\u00fablica. La Secretar\u00eda de Bienestar, a trav\u00e9s del Consejo Estatal para el Desarrollo Integral de los Pueblos Ind\u00edgenas del Estado de M\u00e9xico (CEDIPIEM), la Secretar\u00eda de la Contralor\u00eda y el Instituto de la Defensor\u00eda P\u00fablica firmaron un convenio de colaboraci\u00f3n. Para asegurar [&hellip;]<\/p>\n","protected":false},"author":1,"featured_media":62985,"comment_status":"closed","ping_status":"closed","sticky":false,"template":"","format":"standard","meta":{"footnotes":""},"categories":[36],"tags":[],"class_list":["post-62984","post","type-post","status-publish","format-standard","has-post-thumbnail","hentry","category-edomex"],"_links":{"self":[{"href":"https:\/\/elinformante.mx\/index.php?rest_route=\/wp\/v2\/posts\/62984","targetHints":{"allow":["GET"]}}],"collection":[{"href":"https:\/\/elinformante.mx\/index.php?rest_route=\/wp\/v2\/posts"}],"about":[{"href":"https:\/\/elinformante.mx\/index.php?rest_route=\/wp\/v2\/types\/post"}],"author":[{"embeddable":true,"href":"https:\/\/elinformante.mx\/index.php?rest_route=\/wp\/v2\/users\/1"}],"replies":[{"embeddable":true,"href":"https:\/\/elinformante.mx\/index.php?rest_route=%2Fwp%2Fv2%2Fcomments&post=62984"}],"version-history":[{"count":0,"href":"https:\/\/elinformante.mx\/index.php?rest_route=\/wp\/v2\/posts\/62984\/revisions"}],"wp:featuredmedia":[{"embeddable":true,"href":"https:\/\/elinformante.mx\/index.php?rest_route=\/wp\/v2\/media\/62985"}],"wp:attachment":[{"href":"https:\/\/elinformante.mx\/index.php?rest_route=%2Fwp%2Fv2%2Fmedia&parent=62984"}],"wp:term":[{"taxonomy":"category","embeddable":true,"href":"https:\/\/elinformante.mx\/index.php?rest_route=%2Fwp%2Fv2%2Fcategories&post=62984"},{"taxonomy":"post_tag","embeddable":true,"href":"https:\/\/elinformante.mx\/index.php?rest_route=%2Fwp%2Fv2%2Ftags&post=62984"}],"curies":[{"name":"wp","href":"https:\/\/api.w.org\/{rel}","templated":true}]}}