{"id":62988,"date":"2024-09-02T06:38:14","date_gmt":"2024-09-02T12:38:14","guid":{"rendered":"https:\/\/elinformante.mx\/?p=62988"},"modified":"2024-09-02T06:38:15","modified_gmt":"2024-09-02T12:38:15","slug":"se-unio-san-mateo-atenco-a-la-jornada-limpiemos-nuestro-edomex-con-gran-exito","status":"publish","type":"post","link":"https:\/\/elinformante.mx\/?p=62988","title":{"rendered":"Se uni\u00f3 San Mateo Atenco a la jornada \u201cLimpiemos nuestro Edom\u00e9x\u201d con gran \u00e9xito"},"content":{"rendered":"\n<blockquote class=\"wp-block-quote is-layout-flow wp-block-quote-is-layout-flow\">\n<p>La alcaldesa Ana Mu\u00f1iz Neyra afirm\u00f3 que desde el inicio de su administraci\u00f3n se han realizado acciones constantes de limpieza.<\/p>\n<\/blockquote>\n\n\n\n<p>El gobierno municipal de San Mateo Atenco, encabezado por la alcaldesa Ana Mu\u00f1iz Neyra, particip\u00f3 activamente en la Jornada \u201cLimpiemos nuestro Estado de M\u00e9xico\u201d, una iniciativa promovida por la gobernadora Delfina G\u00f3mez \u00c1lvarez y llevada a cabo en todo el territorio mexiquense.<br><\/p>\n\n\n\n<p>Durante el inicio de las labores en la Avenida Benito Ju\u00e1rez, la principal vialidad del municipio, la presidenta Ana Mu\u00f1iz subray\u00f3 la importancia de mantener un municipio limpio, ordenado y sustentable.<br><\/p>\n\n\n\n<p>\u201cEn San Mateo Atenco, la premisa es tener un municipio limpio, ordenado y sustentable, lo cual se ha materializado en servicios p\u00fablicos brindados con esmero y compromiso, como es el caso de las Jornadas Por Tu Calle Unidos S\u00ed\u201d, declar\u00f3.<br><\/p>\n\n\n\n<figure class=\"wp-block-image size-large\"><img fetchpriority=\"high\" decoding=\"async\" width=\"1024\" height=\"503\" src=\"https:\/\/elinformante.mx\/wp-content\/uploads\/2024\/09\/11san-mateo-2-1024x503.jpg\" alt=\"\" class=\"wp-image-62990\" srcset=\"https:\/\/elinformante.mx\/wp-content\/uploads\/2024\/09\/11san-mateo-2-1024x503.jpg 1024w, https:\/\/elinformante.mx\/wp-content\/uploads\/2024\/09\/11san-mateo-2-300x147.jpg 300w, https:\/\/elinformante.mx\/wp-content\/uploads\/2024\/09\/11san-mateo-2-768x377.jpg 768w, https:\/\/elinformante.mx\/wp-content\/uploads\/2024\/09\/11san-mateo-2-580x285.jpg 580w, https:\/\/elinformante.mx\/wp-content\/uploads\/2024\/09\/11san-mateo-2-860x422.jpg 860w, https:\/\/elinformante.mx\/wp-content\/uploads\/2024\/09\/11san-mateo-2.jpg 1140w\" sizes=\"(max-width: 1024px) 100vw, 1024px\" \/><\/figure>\n\n\n\n<p>Mu\u00f1iz tambi\u00e9n destac\u00f3 que, desde el inicio de su administraci\u00f3n en 2022, se han llevado a cabo acciones constantes de limpieza en barrios y colonias, con el objetivo de fomentar la conciencia ciudadana sobre la importancia de no tirar basura en las calles y de gestionar adecuadamente los desechos s\u00f3lidos urbanos. Estas acciones son especialmente cruciales durante la temporada de lluvias para disminuir riesgos y afectaciones.<br><\/p>\n\n\n\n<p>\u201cPor ello, damos la bienvenida a esta iniciativa del Gobierno estatal y agradecemos a las vecinas y vecinos, as\u00ed como a los servidores p\u00fablicos estatales y municipales, con quienes hoy hicimos equipo para llevar a cabo la Jornada Limpiemos nuestro Edomex\u201d, a\u00f1adi\u00f3 la alcaldesa.<br><\/p>\n\n\n\n<p>En representaci\u00f3n del gobierno estatal, Rodrigo Cerda Cornejo, director general de Desarrollo Pol\u00edtico de la Secretar\u00eda General de Gobierno, elogi\u00f3 a la presidenta Ana Mu\u00f1iz Neyra y al personal del gobierno municipal por sus continuas acciones de limpieza, especialmente durante la temporada de lluvias, y por su compromiso al unirse a este programa impulsado por la gobernadora Delfina G\u00f3mez \u00c1lvarez.<br><\/p>\n\n\n\n<p>La primera Jornada \u201cLimpiemos nuestro Estado de M\u00e9xico\u201d en San Mateo Atenco cont\u00f3 con la participaci\u00f3n de 250 servidores p\u00fablicos municipales y estatales, quienes realizaron trabajos de limpieza de calles, desazolve, bacheo y reparaci\u00f3n de rejillas pluviales en 500 metros lineales de la Avenida Benito Ju\u00e1rez y en toda la Plaza Panamericana.<\/p>\n","protected":false},"excerpt":{"rendered":"<p>La alcaldesa Ana Mu\u00f1iz Neyra afirm\u00f3 que desde el inicio de su administraci\u00f3n se han realizado acciones constantes de limpieza. El gobierno municipal de San Mateo Atenco, encabezado por la alcaldesa Ana Mu\u00f1iz Neyra, particip\u00f3 activamente en la Jornada \u201cLimpiemos nuestro Estado de M\u00e9xico\u201d, una iniciativa promovida por la gobernadora Delfina G\u00f3mez \u00c1lvarez y llevada [&hellip;]<\/p>\n","protected":false},"author":1,"featured_media":62989,"comment_status":"closed","ping_status":"closed","sticky":false,"template":"","format":"standard","meta":{"footnotes":""},"categories":[30,36],"tags":[],"class_list":["post-62988","post","type-post","status-publish","format-standard","has-post-thumbnail","hentry","category-destacado","category-edomex"],"_links":{"self":[{"href":"https:\/\/elinformante.mx\/index.php?rest_route=\/wp\/v2\/posts\/62988","targetHints":{"allow":["GET"]}}],"collection":[{"href":"https:\/\/elinformante.mx\/index.php?rest_route=\/wp\/v2\/posts"}],"about":[{"href":"https:\/\/elinformante.mx\/index.php?rest_route=\/wp\/v2\/types\/post"}],"author":[{"embeddable":true,"href":"https:\/\/elinformante.mx\/index.php?rest_route=\/wp\/v2\/users\/1"}],"replies":[{"embeddable":true,"href":"https:\/\/elinformante.mx\/index.php?rest_route=%2Fwp%2Fv2%2Fcomments&post=62988"}],"version-history":[{"count":0,"href":"https:\/\/elinformante.mx\/index.php?rest_route=\/wp\/v2\/posts\/62988\/revisions"}],"wp:featuredmedia":[{"embeddable":true,"href":"https:\/\/elinformante.mx\/index.php?rest_route=\/wp\/v2\/media\/62989"}],"wp:attachment":[{"href":"https:\/\/elinformante.mx\/index.php?rest_route=%2Fwp%2Fv2%2Fmedia&parent=62988"}],"wp:term":[{"taxonomy":"category","embeddable":true,"href":"https:\/\/elinformante.mx\/index.php?rest_route=%2Fwp%2Fv2%2Fcategories&post=62988"},{"taxonomy":"post_tag","embeddable":true,"href":"https:\/\/elinformante.mx\/index.php?rest_route=%2Fwp%2Fv2%2Ftags&post=62988"}],"curies":[{"name":"wp","href":"https:\/\/api.w.org\/{rel}","templated":true}]}}