{"id":62992,"date":"2024-09-02T06:40:02","date_gmt":"2024-09-02T12:40:02","guid":{"rendered":"https:\/\/elinformante.mx\/?p=62992"},"modified":"2024-09-02T06:40:03","modified_gmt":"2024-09-02T12:40:03","slug":"propone-celene-garcia-avila-investigadora-de-la-uaemex-abordar-el-cambio-climatico-en-textos-literarios","status":"publish","type":"post","link":"https:\/\/elinformante.mx\/?p=62992","title":{"rendered":"Propone Celene Garc\u00eda \u00c1vila, investigadora de la UAEM\u00e9x, abordar el cambio clim\u00e1tico en textos literarios"},"content":{"rendered":"\n<blockquote class=\"wp-block-quote is-layout-flow wp-block-quote-is-layout-flow\">\n<p>La doctora afirma que es necesario abordar el tema del cambio clim\u00e1tico desde las aulas, ya que es importante crear consciencia a trav\u00e9s del conocimiento interdisciplinario.<\/p>\n<\/blockquote>\n\n\n\n<p>Con el objetivo de crear conciencia entre el alumnado y profesorado sobre la crisis ambiental en la que se encuentra nuestro planeta, Celene Garc\u00eda \u00c1vila, doctora de la Facultad de Lenguas de la Universidad Aut\u00f3noma del Estado de M\u00e9xico (UAEM\u00e9x), realiza un trabajo a nivel acad\u00e9mico, en donde busca sensibilizar sobre esta problem\u00e1tica desde un \u00e1mbito literario usando la ecocr\u00edtica.<br><\/p>\n\n\n\n<p>La ecocr\u00edtica es un enfoque interdisciplinario que examina c\u00f3mo la literatura y otras formas de expresi\u00f3n cultural representan, abordan y se relacionan con temas ambientales y ecol\u00f3gicos. Esta disciplina busca analizar c\u00f3mo las obras literarias, cinematogr\u00e1ficas, art\u00edsticas y culturales en general reflejan y responden a cuestiones como el cambio clim\u00e1tico, la degradaci\u00f3n ambiental, la relaci\u00f3n entre humanos y naturaleza, la sostenibilidad, entre otros temas relacionados con el medio ambiente.<br><\/p>\n\n\n\n<p>La ecocr\u00edtica a menudo combina elementos de la cr\u00edtica literaria, la teor\u00eda cultural, la ecolog\u00eda y la pol\u00edtica para examinar c\u00f3mo las representaciones culturales influyen en nuestra comprensi\u00f3n y acci\u00f3n respecto a los problemas ambientales.<br><\/p>\n\n\n\n<p>El trabajo se encuentra en la fase inicial, con duraci\u00f3n de un a\u00f1o, cuyo profesorado labora en la Universidad de Guanajuato, la Universidad Iberoamericana de Ciudad de M\u00e9xico y la Facultad de Lenguas de UAEM\u00e9x. El equipo de investigadores trabaja en conjunto para poder abordar el tema del cambio clim\u00e1tico en las aulas, a trav\u00e9s de la creaci\u00f3n de actividades que puedan usarse en clase, en distintos niveles acad\u00e9micos y que estos vayan de la mano con la literatura o la traducci\u00f3n de textos.<br><\/p>\n\n\n\n<p>La doctora nos comparti\u00f3 que adem\u00e1s de encargarse de la coordinaci\u00f3n de actividades entre los tres grupos, ella realizar\u00e1 en este proyecto el an\u00e1lisis y comparaci\u00f3n de dos textos po\u00e9ticos de autores mexicanos del siglo XX para observar c\u00f3mo es que se aborda la relaci\u00f3n del medio ambiente con el hombre, tomando en cuenta reminiscencias del pasado prehisp\u00e1nico.<br><\/p>\n\n\n\n<p>Considero que trabajar con este tema es importante, ya que la finalidad del trabajo es ayudar a la formaci\u00f3n acad\u00e9mica y contribuir a desarrollar la conciencia ecol\u00f3gica, especialmente en las acciones del ser humano, ya que estas son un gran peso sobre la crisis ambiental.<br><\/p>\n\n\n\n<p>Asimismo, invit\u00f3 a las mujeres dedicadas en alg\u00fan \u00e1rea de ciencia a que recuerden que tienen todas las oportunidades de acceso a la educaci\u00f3n y superaci\u00f3n de cada obst\u00e1culo, ya que no hay l\u00edmites para el conocimiento.<\/p>\n","protected":false},"excerpt":{"rendered":"<p>La doctora afirma que es necesario abordar el tema del cambio clim\u00e1tico desde las aulas, ya que es importante crear consciencia a trav\u00e9s del conocimiento interdisciplinario. Con el objetivo de crear conciencia entre el alumnado y profesorado sobre la crisis ambiental en la que se encuentra nuestro planeta, Celene Garc\u00eda \u00c1vila, doctora de la Facultad [&hellip;]<\/p>\n","protected":false},"author":1,"featured_media":62993,"comment_status":"closed","ping_status":"closed","sticky":false,"template":"","format":"standard","meta":{"footnotes":""},"categories":[36],"tags":[],"class_list":["post-62992","post","type-post","status-publish","format-standard","has-post-thumbnail","hentry","category-edomex"],"_links":{"self":[{"href":"https:\/\/elinformante.mx\/index.php?rest_route=\/wp\/v2\/posts\/62992","targetHints":{"allow":["GET"]}}],"collection":[{"href":"https:\/\/elinformante.mx\/index.php?rest_route=\/wp\/v2\/posts"}],"about":[{"href":"https:\/\/elinformante.mx\/index.php?rest_route=\/wp\/v2\/types\/post"}],"author":[{"embeddable":true,"href":"https:\/\/elinformante.mx\/index.php?rest_route=\/wp\/v2\/users\/1"}],"replies":[{"embeddable":true,"href":"https:\/\/elinformante.mx\/index.php?rest_route=%2Fwp%2Fv2%2Fcomments&post=62992"}],"version-history":[{"count":0,"href":"https:\/\/elinformante.mx\/index.php?rest_route=\/wp\/v2\/posts\/62992\/revisions"}],"wp:featuredmedia":[{"embeddable":true,"href":"https:\/\/elinformante.mx\/index.php?rest_route=\/wp\/v2\/media\/62993"}],"wp:attachment":[{"href":"https:\/\/elinformante.mx\/index.php?rest_route=%2Fwp%2Fv2%2Fmedia&parent=62992"}],"wp:term":[{"taxonomy":"category","embeddable":true,"href":"https:\/\/elinformante.mx\/index.php?rest_route=%2Fwp%2Fv2%2Fcategories&post=62992"},{"taxonomy":"post_tag","embeddable":true,"href":"https:\/\/elinformante.mx\/index.php?rest_route=%2Fwp%2Fv2%2Ftags&post=62992"}],"curies":[{"name":"wp","href":"https:\/\/api.w.org\/{rel}","templated":true}]}}