{"id":63005,"date":"2024-09-02T06:48:48","date_gmt":"2024-09-02T12:48:48","guid":{"rendered":"https:\/\/elinformante.mx\/?p=63005"},"modified":"2024-09-02T06:48:49","modified_gmt":"2024-09-02T12:48:49","slug":"disminuyen-en-edomex-14-los-secuestros-gem","status":"publish","type":"post","link":"https:\/\/elinformante.mx\/?p=63005","title":{"rendered":"Disminuyen en Edom\u00e9x 14% los secuestros: GEM"},"content":{"rendered":"\n<blockquote class=\"wp-block-quote is-layout-flow wp-block-quote-is-layout-flow\">\n<p>La entidad mexiquense pasa del s\u00e9ptimo al d\u00e9cimo quinto lugar a nivel nacional en la comisi\u00f3n de este delito.<\/p>\n<\/blockquote>\n\n\n\n<p>En los primeros siete meses de 2024, el Estado de M\u00e9xico report\u00f3 la disminuci\u00f3n de 14% en la incidencia del delito de secuestro, como resultado de las acciones conjuntas de la Mesa de Coordinaci\u00f3n para la Construcci\u00f3n de la Paz, que encabeza la Gobernadora Delfina G\u00f3mez \u00c1lvarez.<br><\/p>\n\n\n\n<p>Del 01 de enero al 31 de julio de 2024 se registraron 37 hechos de este il\u00edcito en la entidad, mientras que, en el mismo periodo del a\u00f1o 2023, la cifra fue de 43.<br><\/p>\n\n\n\n<p>Como parte de estos resultados, durante este mismo periodo de comparaci\u00f3n, se han vinculado a proceso a 122 personas, lo que representa un aumento del 47%, cuando se registraron 83; mientras que, de enero a julio de este a\u00f1o, increment\u00f3 68% el n\u00famero de personas con una sentencia condenatoria al pasar de 135 a 227 en 2024.<br><\/p>\n\n\n\n<figure class=\"wp-block-image size-large\"><img fetchpriority=\"high\" decoding=\"async\" width=\"1024\" height=\"503\" src=\"https:\/\/elinformante.mx\/wp-content\/uploads\/2024\/09\/7disminuyen-2-1024x503.jpg\" alt=\"\" class=\"wp-image-63007\" srcset=\"https:\/\/elinformante.mx\/wp-content\/uploads\/2024\/09\/7disminuyen-2-1024x503.jpg 1024w, https:\/\/elinformante.mx\/wp-content\/uploads\/2024\/09\/7disminuyen-2-300x147.jpg 300w, https:\/\/elinformante.mx\/wp-content\/uploads\/2024\/09\/7disminuyen-2-768x377.jpg 768w, https:\/\/elinformante.mx\/wp-content\/uploads\/2024\/09\/7disminuyen-2-580x285.jpg 580w, https:\/\/elinformante.mx\/wp-content\/uploads\/2024\/09\/7disminuyen-2-860x422.jpg 860w, https:\/\/elinformante.mx\/wp-content\/uploads\/2024\/09\/7disminuyen-2.jpg 1140w\" sizes=\"(max-width: 1024px) 100vw, 1024px\" \/><\/figure>\n\n\n\n<p>Gracias a estos resultados, el Estado de M\u00e9xico pas\u00f3 del s\u00e9ptimo al d\u00e9cimo quinto lugar a nivel nacional en la comisi\u00f3n de este delito, logrando un promedio de 0.018 por ciento por cada 100 mil habitantes.<br><\/p>\n\n\n\n<p>Los avances en el combate han logrado que el promedio diario de eventos ocurridos entre el 1 de enero y el 25 de agosto de 2024 sea de 0.16, cifra menor a la de 0.19, registrada en el mismo lapso del 2023.<br><\/p>\n\n\n\n<p>Estos resultados son derivados de las acciones que se llevan a cabo en conjunto la FGJEM y la SSSEM, en coordinaci\u00f3n con la SSPC federal, a trav\u00e9s de la Coordinaci\u00f3n Nacional Antisecuestro y Delitos de Alto Impacto (CONASE) y la GN, as\u00ed como de la Sedena y la Semar.<\/p>\n","protected":false},"excerpt":{"rendered":"<p>La entidad mexiquense pasa del s\u00e9ptimo al d\u00e9cimo quinto lugar a nivel nacional en la comisi\u00f3n de este delito. En los primeros siete meses de 2024, el Estado de M\u00e9xico report\u00f3 la disminuci\u00f3n de 14% en la incidencia del delito de secuestro, como resultado de las acciones conjuntas de la Mesa de Coordinaci\u00f3n para la [&hellip;]<\/p>\n","protected":false},"author":1,"featured_media":63006,"comment_status":"closed","ping_status":"closed","sticky":false,"template":"","format":"standard","meta":{"footnotes":""},"categories":[30,36],"tags":[],"class_list":["post-63005","post","type-post","status-publish","format-standard","has-post-thumbnail","hentry","category-destacado","category-edomex"],"_links":{"self":[{"href":"https:\/\/elinformante.mx\/index.php?rest_route=\/wp\/v2\/posts\/63005","targetHints":{"allow":["GET"]}}],"collection":[{"href":"https:\/\/elinformante.mx\/index.php?rest_route=\/wp\/v2\/posts"}],"about":[{"href":"https:\/\/elinformante.mx\/index.php?rest_route=\/wp\/v2\/types\/post"}],"author":[{"embeddable":true,"href":"https:\/\/elinformante.mx\/index.php?rest_route=\/wp\/v2\/users\/1"}],"replies":[{"embeddable":true,"href":"https:\/\/elinformante.mx\/index.php?rest_route=%2Fwp%2Fv2%2Fcomments&post=63005"}],"version-history":[{"count":0,"href":"https:\/\/elinformante.mx\/index.php?rest_route=\/wp\/v2\/posts\/63005\/revisions"}],"wp:featuredmedia":[{"embeddable":true,"href":"https:\/\/elinformante.mx\/index.php?rest_route=\/wp\/v2\/media\/63006"}],"wp:attachment":[{"href":"https:\/\/elinformante.mx\/index.php?rest_route=%2Fwp%2Fv2%2Fmedia&parent=63005"}],"wp:term":[{"taxonomy":"category","embeddable":true,"href":"https:\/\/elinformante.mx\/index.php?rest_route=%2Fwp%2Fv2%2Fcategories&post=63005"},{"taxonomy":"post_tag","embeddable":true,"href":"https:\/\/elinformante.mx\/index.php?rest_route=%2Fwp%2Fv2%2Ftags&post=63005"}],"curies":[{"name":"wp","href":"https:\/\/api.w.org\/{rel}","templated":true}]}}