{"id":63009,"date":"2024-09-02T06:55:42","date_gmt":"2024-09-02T12:55:42","guid":{"rendered":"https:\/\/elinformante.mx\/?p=63009"},"modified":"2024-09-02T06:55:43","modified_gmt":"2024-09-02T12:55:43","slug":"ssem-participo-en-el-6-congreso-internacional-de-seguridad-y-proximidad-social","status":"publish","type":"post","link":"https:\/\/elinformante.mx\/?p=63009","title":{"rendered":"SSEM particip\u00f3 en el 6\u00b0 Congreso Internacional de Seguridad y Proximidad Social"},"content":{"rendered":"\n<blockquote class=\"wp-block-quote is-layout-flow wp-block-quote-is-layout-flow\">\n<p>El Subsecretario de la Polic\u00eda Estatal particip\u00f3 en el primer ciclo de conferencias, junto con los Secretarios de Seguridad de la Ciudad de M\u00e9xico y San Nicol\u00e1s de Los Garza, Nuevo Le\u00f3n.<\/p>\n<\/blockquote>\n\n\n\n<p>Con la finalidad de intercambiar propuestas, experiencias y conocimientos, en representaci\u00f3n del Secretario de Seguridad del Estado de M\u00e9xico, Crist\u00f3bal Casta\u00f1eda Camarillo, el Subsecretario de la Polic\u00eda Estatal, Carlos Alberto Hern\u00e1ndez Leyva, particip\u00f3 en el Sexto Congreso Internacional de Seguridad y Proximidad Social, denominado \u201cPresente y Futuro de la Seguridad Ciudadana\u201d, el cual organiz\u00f3 el Gobierno de Nezahualc\u00f3yotl.<br><\/p>\n\n\n\n<p>El titular de Polic\u00eda Estatal del Edomex, refiri\u00f3 que este tipo de iniciativas son parte fundamental para consolidar acciones en beneficio de la poblaci\u00f3n mexiquense. Adem\u00e1s, reconoci\u00f3 al Ayuntamiento de Nezahualc\u00f3yotl, ya que es un referente a nivel internacional y nacional de buenas pr\u00e1cticas.<br><\/p>\n\n\n\n<p>\u201cPara la Secretar\u00eda de Seguridad del Estado de M\u00e9xico es un honor formar parte de esta sexta edici\u00f3n, definitivamente en esta iniciativa se re\u00fanen autoridades, acad\u00e9micos, expertos nacionales e internacionales en un ejercicio \u00fanico en su tipo, que busca construir estrategias comunes de fortalecimiento de la seguridad a partir de una din\u00e1mica de di\u00e1logo, reflexi\u00f3n e intercambio de experiencias\u201d, expres\u00f3.<br><\/p>\n\n\n\n<figure class=\"wp-block-image size-large\"><img fetchpriority=\"high\" decoding=\"async\" width=\"1024\" height=\"503\" src=\"https:\/\/elinformante.mx\/wp-content\/uploads\/2024\/09\/8SSEM-2-1024x503.jpg\" alt=\"\" class=\"wp-image-63011\" srcset=\"https:\/\/elinformante.mx\/wp-content\/uploads\/2024\/09\/8SSEM-2-1024x503.jpg 1024w, https:\/\/elinformante.mx\/wp-content\/uploads\/2024\/09\/8SSEM-2-300x147.jpg 300w, https:\/\/elinformante.mx\/wp-content\/uploads\/2024\/09\/8SSEM-2-768x377.jpg 768w, https:\/\/elinformante.mx\/wp-content\/uploads\/2024\/09\/8SSEM-2-580x285.jpg 580w, https:\/\/elinformante.mx\/wp-content\/uploads\/2024\/09\/8SSEM-2-860x422.jpg 860w, https:\/\/elinformante.mx\/wp-content\/uploads\/2024\/09\/8SSEM-2.jpg 1140w\" sizes=\"(max-width: 1024px) 100vw, 1024px\" \/><\/figure>\n\n\n\n<p>El representante de la SSEM particip\u00f3 en el primer ciclo de conferencias, en el conversatorio con el tema \u201cExperiencias y Estrategias policiales en M\u00e9xico\u201d junto con el Secretario de Seguridad Ciudadana de la Ciudad de M\u00e9xico y del municipio de San Nicol\u00e1s de Los Garza, en Nuevo Le\u00f3n Jos\u00e9 Mart\u00edn Doria Mata.<br><\/p>\n\n\n\n<p>Hern\u00e1ndez Leyva habl\u00f3 sobre la importancia de contar con elementos mejor capacitados y equipados, que sepan actuar ante los il\u00edcitos; adem\u00e1s, agreg\u00f3 que la coordinaci\u00f3n interinstitucional contribuye a generar estrategias que combaten a la delincuencia de forma efectiva.<br><\/p>\n\n\n\n<p>Enfatiz\u00f3 que el Edomex es un territorio muy grande y se requiere trabajar a la par con todos los municipios; en este sentido, afirm\u00f3 que la suma de esfuerzos entre las autoridades, la sociedad, el sector empresarial y la polic\u00eda, es sin duda lo que permite dar mejores resultados, porque la seguridad es un tema que no tiene colores y en el que todos buscan el mismo objetivo.<br><\/p>\n\n\n\n<p>En esta ocasi\u00f3n participaron Secretarios de Seguridad, acad\u00e9micos y catedr\u00e1ticos, de los pa\u00edses de El Salvador, M\u00e9xico, Canad\u00e1, Brasil, Argentina, Colombia, la oficina del alto comisionado de las Naciones Unidas para los Derechos Humanos, Estados Unidos, Israel, Reino Unido y Guatemala.<\/p>\n","protected":false},"excerpt":{"rendered":"<p>El Subsecretario de la Polic\u00eda Estatal particip\u00f3 en el primer ciclo de conferencias, junto con los Secretarios de Seguridad de la Ciudad de M\u00e9xico y San Nicol\u00e1s de Los Garza, Nuevo Le\u00f3n. Con la finalidad de intercambiar propuestas, experiencias y conocimientos, en representaci\u00f3n del Secretario de Seguridad del Estado de M\u00e9xico, Crist\u00f3bal Casta\u00f1eda Camarillo, el [&hellip;]<\/p>\n","protected":false},"author":1,"featured_media":63010,"comment_status":"closed","ping_status":"closed","sticky":false,"template":"","format":"standard","meta":{"footnotes":""},"categories":[30,36,31],"tags":[],"class_list":["post-63009","post","type-post","status-publish","format-standard","has-post-thumbnail","hentry","category-destacado","category-edomex","category-portada"],"_links":{"self":[{"href":"https:\/\/elinformante.mx\/index.php?rest_route=\/wp\/v2\/posts\/63009","targetHints":{"allow":["GET"]}}],"collection":[{"href":"https:\/\/elinformante.mx\/index.php?rest_route=\/wp\/v2\/posts"}],"about":[{"href":"https:\/\/elinformante.mx\/index.php?rest_route=\/wp\/v2\/types\/post"}],"author":[{"embeddable":true,"href":"https:\/\/elinformante.mx\/index.php?rest_route=\/wp\/v2\/users\/1"}],"replies":[{"embeddable":true,"href":"https:\/\/elinformante.mx\/index.php?rest_route=%2Fwp%2Fv2%2Fcomments&post=63009"}],"version-history":[{"count":0,"href":"https:\/\/elinformante.mx\/index.php?rest_route=\/wp\/v2\/posts\/63009\/revisions"}],"wp:featuredmedia":[{"embeddable":true,"href":"https:\/\/elinformante.mx\/index.php?rest_route=\/wp\/v2\/media\/63010"}],"wp:attachment":[{"href":"https:\/\/elinformante.mx\/index.php?rest_route=%2Fwp%2Fv2%2Fmedia&parent=63009"}],"wp:term":[{"taxonomy":"category","embeddable":true,"href":"https:\/\/elinformante.mx\/index.php?rest_route=%2Fwp%2Fv2%2Fcategories&post=63009"},{"taxonomy":"post_tag","embeddable":true,"href":"https:\/\/elinformante.mx\/index.php?rest_route=%2Fwp%2Fv2%2Ftags&post=63009"}],"curies":[{"name":"wp","href":"https:\/\/api.w.org\/{rel}","templated":true}]}}