{"id":63013,"date":"2024-09-02T07:12:03","date_gmt":"2024-09-02T13:12:03","guid":{"rendered":"https:\/\/elinformante.mx\/?p=63013"},"modified":"2024-09-02T07:12:04","modified_gmt":"2024-09-02T13:12:04","slug":"inauguran-delfina-gomez-y-marco-aurelio-carbajal-casa-de-descanso-para-el-smsem-valle-de-bravo","status":"publish","type":"post","link":"https:\/\/elinformante.mx\/?p=63013","title":{"rendered":"Inauguran Delfina G\u00f3mez y Marco Aurelio Carbajal Casa de Descanso para el SMSEM-Valle de Bravo"},"content":{"rendered":"\n<blockquote class=\"wp-block-quote is-layout-flow wp-block-quote-is-layout-flow\">\n<p>Ser\u00e1n m\u00e1s de 110 mil agremiados los que disfrutar\u00e1n de recreaci\u00f3n, descanso y esparcimiento para mejorar su salud f\u00edsica y mental.<\/p>\n<\/blockquote>\n\n\n\n<p>La Gobernadora Delfina G\u00f3mez \u00c1lvarez reconoci\u00f3 la labor docente de los agremiados al Sindicato de Maestros al Servicio del Estado de M\u00e9xico (SMSEM), por el legado en la vida de cientos de miles de estudiantes y familias.<br><\/p>\n\n\n\n<figure class=\"wp-block-image size-large\"><img fetchpriority=\"high\" decoding=\"async\" width=\"1024\" height=\"503\" src=\"https:\/\/elinformante.mx\/wp-content\/uploads\/2024\/09\/8INAUGURA-2-1024x503.jpg\" alt=\"\" class=\"wp-image-63015\" srcset=\"https:\/\/elinformante.mx\/wp-content\/uploads\/2024\/09\/8INAUGURA-2-1024x503.jpg 1024w, https:\/\/elinformante.mx\/wp-content\/uploads\/2024\/09\/8INAUGURA-2-300x147.jpg 300w, https:\/\/elinformante.mx\/wp-content\/uploads\/2024\/09\/8INAUGURA-2-768x377.jpg 768w, https:\/\/elinformante.mx\/wp-content\/uploads\/2024\/09\/8INAUGURA-2-580x285.jpg 580w, https:\/\/elinformante.mx\/wp-content\/uploads\/2024\/09\/8INAUGURA-2-860x422.jpg 860w, https:\/\/elinformante.mx\/wp-content\/uploads\/2024\/09\/8INAUGURA-2.jpg 1140w\" sizes=\"(max-width: 1024px) 100vw, 1024px\" \/><\/figure>\n\n\n\n<p>Asi lo mencion\u00f3 la gobernadora al inaugurar la Casa de Descanso de la Unidad Sindical SMSEM-Valle de Bravo, en compa\u00f1\u00eda del Secretario General del SMSEM, Marco Aurelio Carbajal Leyva, quienes mencionaron que esta obra beneficiar\u00eda a 110 mil maestros afiliados a dicha organizaci\u00f3n sindical.<br><\/p>\n\n\n\n<p>Al inaugurar dicho espacio que permitir\u00e1 a maestras y maestros desconectarse de las actividades diarias, la Mandataria mexiquense destac\u00f3 la vocaci\u00f3n de ser maestro, una actividad que trasciende de su lugar de trabajo, a los hogares, a la sociedad, a todos los que integran una comunidad.<br><\/p>\n\n\n\n<figure class=\"wp-block-image size-large\"><img decoding=\"async\" width=\"1024\" height=\"503\" src=\"https:\/\/elinformante.mx\/wp-content\/uploads\/2024\/09\/8INAUGURA-1024x503.jpg\" alt=\"\" class=\"wp-image-63016\" srcset=\"https:\/\/elinformante.mx\/wp-content\/uploads\/2024\/09\/8INAUGURA-1024x503.jpg 1024w, https:\/\/elinformante.mx\/wp-content\/uploads\/2024\/09\/8INAUGURA-300x147.jpg 300w, https:\/\/elinformante.mx\/wp-content\/uploads\/2024\/09\/8INAUGURA-768x377.jpg 768w, https:\/\/elinformante.mx\/wp-content\/uploads\/2024\/09\/8INAUGURA-580x285.jpg 580w, https:\/\/elinformante.mx\/wp-content\/uploads\/2024\/09\/8INAUGURA-860x422.jpg 860w, https:\/\/elinformante.mx\/wp-content\/uploads\/2024\/09\/8INAUGURA.jpg 1140w\" sizes=\"(max-width: 1024px) 100vw, 1024px\" \/><\/figure>\n\n\n\n<p>\u201cEsta Casa de Descanso es un lugar donde se reconfortar\u00e1 y dar\u00e1 cobijo a nuestros invaluables maestras y maestros mexiquenses, quienes han contribuido al desarrollo y formaci\u00f3n de tantas generaciones. Con esta obra, el Gobierno, el Sindicato, el pueblo mexiquense, les agradecemos y reconocemos el gran legado que los docentes afiliados a este Sindicato han dejado en la vida de cientos de miles de estudiantes de la entidad y, yo me ir\u00eda m\u00e1s que estudiantes, a muchas familias\u201d, indic\u00f3 la Gobernadora Delfina G\u00f3mez \u00c1lvarez.<br><\/p>\n\n\n\n<p>En su discurso, Carbajal Leyva agradeci\u00f3 el respaldo y acompa\u00f1amiento permanente de la Gobernadora, a quien se refiri\u00f3 como el mejor activo en este instante del magisterio estatal.<br><\/p>\n\n\n\n<figure class=\"wp-block-image size-large\"><img decoding=\"async\" width=\"1024\" height=\"503\" src=\"https:\/\/elinformante.mx\/wp-content\/uploads\/2024\/09\/8INAUGURA-5-1024x503.jpg\" alt=\"\" class=\"wp-image-63017\" srcset=\"https:\/\/elinformante.mx\/wp-content\/uploads\/2024\/09\/8INAUGURA-5-1024x503.jpg 1024w, https:\/\/elinformante.mx\/wp-content\/uploads\/2024\/09\/8INAUGURA-5-300x147.jpg 300w, https:\/\/elinformante.mx\/wp-content\/uploads\/2024\/09\/8INAUGURA-5-768x377.jpg 768w, https:\/\/elinformante.mx\/wp-content\/uploads\/2024\/09\/8INAUGURA-5-580x285.jpg 580w, https:\/\/elinformante.mx\/wp-content\/uploads\/2024\/09\/8INAUGURA-5-860x422.jpg 860w, https:\/\/elinformante.mx\/wp-content\/uploads\/2024\/09\/8INAUGURA-5.jpg 1140w\" sizes=\"(max-width: 1024px) 100vw, 1024px\" \/><\/figure>\n\n\n\n<p>Destac\u00f3 el trabajo conjunto y agradeci\u00f3 el respaldo del Gobierno del Estado de M\u00e9xico, representado por la Maestra Delfina G\u00f3mez \u00c1lvarez, por el apoyo brindado para la construcci\u00f3n de la Casa de Descanso que consta, entre otros elementos, de un restaurante con capacidad para m\u00e1s de 300 comensales, 20 caba\u00f1as, 20 palapas y un andador de dos kil\u00f3metros de longitud.<br><\/p>\n\n\n\n<p>Inform\u00f3 que en fechas pr\u00f3ximas se entregar\u00e1n las oficinas del SMSEM en la nueva Regi\u00f3n 14, con sede en Texcoco y la remodelaci\u00f3n de la Casa de Descanso Ixtamil, donde se construyen ba\u00f1os de vapor, \u00e1rea de masajes, gimnasio y temascales.<br><\/p>\n\n\n\n<figure class=\"wp-block-image size-large\"><img loading=\"lazy\" decoding=\"async\" width=\"1024\" height=\"503\" src=\"https:\/\/elinformante.mx\/wp-content\/uploads\/2024\/09\/8INAUGURA-3-1024x503.jpg\" alt=\"\" class=\"wp-image-63018\" srcset=\"https:\/\/elinformante.mx\/wp-content\/uploads\/2024\/09\/8INAUGURA-3-1024x503.jpg 1024w, https:\/\/elinformante.mx\/wp-content\/uploads\/2024\/09\/8INAUGURA-3-300x147.jpg 300w, https:\/\/elinformante.mx\/wp-content\/uploads\/2024\/09\/8INAUGURA-3-768x377.jpg 768w, https:\/\/elinformante.mx\/wp-content\/uploads\/2024\/09\/8INAUGURA-3-580x285.jpg 580w, https:\/\/elinformante.mx\/wp-content\/uploads\/2024\/09\/8INAUGURA-3-860x422.jpg 860w, https:\/\/elinformante.mx\/wp-content\/uploads\/2024\/09\/8INAUGURA-3.jpg 1140w\" sizes=\"(max-width: 1024px) 100vw, 1024px\" \/><\/figure>\n\n\n\n<p>Los maestros Delfina y Marco Aurelio estuvieron acompa\u00f1ados por los tambi\u00e9n profesores Miguel \u00c1ngel Hern\u00e1ndez Espejel, Secretario de Educaci\u00f3n, Ciencia, Tecnolog\u00eda e Innovaci\u00f3n y Trinidad Franco Arpero, Oficial Mayor; as\u00ed como por Michelle N\u00fa\u00f1ez Ponce, Presidenta de Valle de Bravo, municipio que adem\u00e1s se ver\u00e1 beneficiado por la generaci\u00f3n de empleos y derrama econ\u00f3mica que prev\u00e9 generar la nueva Casa de Descanso del SMSEM; y Jos\u00e9 Manuel Uribe Navarrete, dirigente del SMSEM de 2018 a 2021.<br><\/p>\n\n\n\n<p>Previo a la develaci\u00f3n de la placa inaugural la Gobernadora Delfina G\u00f3mez \u00c1lvarez realiz\u00f3 un recorrido por las instalaciones de la Casa de Descanso de la Unidad Sindical SMSEM-Valle de Bravo.<\/p>\n","protected":false},"excerpt":{"rendered":"<p>Ser\u00e1n m\u00e1s de 110 mil agremiados los que disfrutar\u00e1n de recreaci\u00f3n, descanso y esparcimiento para mejorar su salud f\u00edsica y mental. La Gobernadora Delfina G\u00f3mez \u00c1lvarez reconoci\u00f3 la labor docente de los agremiados al Sindicato de Maestros al Servicio del Estado de M\u00e9xico (SMSEM), por el legado en la vida de cientos de miles de [&hellip;]<\/p>\n","protected":false},"author":1,"featured_media":63014,"comment_status":"closed","ping_status":"closed","sticky":false,"template":"","format":"standard","meta":{"footnotes":""},"categories":[30,36,31],"tags":[],"class_list":["post-63013","post","type-post","status-publish","format-standard","has-post-thumbnail","hentry","category-destacado","category-edomex","category-portada"],"_links":{"self":[{"href":"https:\/\/elinformante.mx\/index.php?rest_route=\/wp\/v2\/posts\/63013","targetHints":{"allow":["GET"]}}],"collection":[{"href":"https:\/\/elinformante.mx\/index.php?rest_route=\/wp\/v2\/posts"}],"about":[{"href":"https:\/\/elinformante.mx\/index.php?rest_route=\/wp\/v2\/types\/post"}],"author":[{"embeddable":true,"href":"https:\/\/elinformante.mx\/index.php?rest_route=\/wp\/v2\/users\/1"}],"replies":[{"embeddable":true,"href":"https:\/\/elinformante.mx\/index.php?rest_route=%2Fwp%2Fv2%2Fcomments&post=63013"}],"version-history":[{"count":0,"href":"https:\/\/elinformante.mx\/index.php?rest_route=\/wp\/v2\/posts\/63013\/revisions"}],"wp:featuredmedia":[{"embeddable":true,"href":"https:\/\/elinformante.mx\/index.php?rest_route=\/wp\/v2\/media\/63014"}],"wp:attachment":[{"href":"https:\/\/elinformante.mx\/index.php?rest_route=%2Fwp%2Fv2%2Fmedia&parent=63013"}],"wp:term":[{"taxonomy":"category","embeddable":true,"href":"https:\/\/elinformante.mx\/index.php?rest_route=%2Fwp%2Fv2%2Fcategories&post=63013"},{"taxonomy":"post_tag","embeddable":true,"href":"https:\/\/elinformante.mx\/index.php?rest_route=%2Fwp%2Fv2%2Ftags&post=63013"}],"curies":[{"name":"wp","href":"https:\/\/api.w.org\/{rel}","templated":true}]}}