{"id":63021,"date":"2024-09-02T07:21:57","date_gmt":"2024-09-02T13:21:57","guid":{"rendered":"https:\/\/elinformante.mx\/?p=63021"},"modified":"2024-09-02T07:21:58","modified_gmt":"2024-09-02T13:21:58","slug":"cuajimalpa-celebra-exhibicion-de-autos-tuneados","status":"publish","type":"post","link":"https:\/\/elinformante.mx\/?p=63021","title":{"rendered":"Cuajimalpa celebra exhibici\u00f3n de autos tuneados"},"content":{"rendered":"\n<blockquote class=\"wp-block-quote is-layout-flow wp-block-quote-is-layout-flow\">\n<p>En esta segunda exhibici\u00f3n participan 120 autos tuneados, con base en 8 categor\u00edas diferentes<\/p>\n<\/blockquote>\n\n\n\n<p>Integrantes de 10 clubes de automovilistas de Cuajimalpa, y de los municipios Toluca, Huixquilucan y Cuautitl\u00e1n Izcalli, se dieron cita en la explanada de la alcald\u00eda, para poder realizar la Segunda Exhibici\u00f3n Tuning, en la que muestran al p\u00fablico asistente sus veh\u00edculos modificados.<br><\/p>\n\n\n\n<p>En la segunda exhibici\u00f3n participaron 120 autos tuneados, con base en 8 categor\u00edas diferentes: Euro, JDM, Open Show, Vocho, SPL, Oxidado, Tuning y Taxi Tuning.<br><\/p>\n\n\n\n<p>Los m\u00e1s emocionados fueron los vecinos de Cuajimalpa que pudieron disfrutar y tomarse fotos y selfies a los coches.<br><\/p>\n\n\n\n<p>La primera vez que esta exhibici\u00f3n se llev\u00f3 a cabo fue en 2019, en la que participaron unos 50 veh\u00edculos.<br><\/p>\n\n\n\n<p>Lo que se busca en este tipo de eventos culturales es atraer a las familias de Cuajimalpa y dem\u00e1s alcald\u00edas, en este evento los participantes lo hacen solo por \u00e9l anim\u00f3 de mostrar sus veh\u00edculos, no ganan nada, pero agradecen a admiraci\u00f3n que se les profesa.<\/p>\n","protected":false},"excerpt":{"rendered":"<p>En esta segunda exhibici\u00f3n participan 120 autos tuneados, con base en 8 categor\u00edas diferentes Integrantes de 10 clubes de automovilistas de Cuajimalpa, y de los municipios Toluca, Huixquilucan y Cuautitl\u00e1n Izcalli, se dieron cita en la explanada de la alcald\u00eda, para poder realizar la Segunda Exhibici\u00f3n Tuning, en la que muestran al p\u00fablico asistente sus [&hellip;]<\/p>\n","protected":false},"author":1,"featured_media":63022,"comment_status":"closed","ping_status":"closed","sticky":false,"template":"","format":"standard","meta":{"footnotes":""},"categories":[35],"tags":[],"class_list":["post-63021","post","type-post","status-publish","format-standard","has-post-thumbnail","hentry","category-cdmx"],"_links":{"self":[{"href":"https:\/\/elinformante.mx\/index.php?rest_route=\/wp\/v2\/posts\/63021","targetHints":{"allow":["GET"]}}],"collection":[{"href":"https:\/\/elinformante.mx\/index.php?rest_route=\/wp\/v2\/posts"}],"about":[{"href":"https:\/\/elinformante.mx\/index.php?rest_route=\/wp\/v2\/types\/post"}],"author":[{"embeddable":true,"href":"https:\/\/elinformante.mx\/index.php?rest_route=\/wp\/v2\/users\/1"}],"replies":[{"embeddable":true,"href":"https:\/\/elinformante.mx\/index.php?rest_route=%2Fwp%2Fv2%2Fcomments&post=63021"}],"version-history":[{"count":0,"href":"https:\/\/elinformante.mx\/index.php?rest_route=\/wp\/v2\/posts\/63021\/revisions"}],"wp:featuredmedia":[{"embeddable":true,"href":"https:\/\/elinformante.mx\/index.php?rest_route=\/wp\/v2\/media\/63022"}],"wp:attachment":[{"href":"https:\/\/elinformante.mx\/index.php?rest_route=%2Fwp%2Fv2%2Fmedia&parent=63021"}],"wp:term":[{"taxonomy":"category","embeddable":true,"href":"https:\/\/elinformante.mx\/index.php?rest_route=%2Fwp%2Fv2%2Fcategories&post=63021"},{"taxonomy":"post_tag","embeddable":true,"href":"https:\/\/elinformante.mx\/index.php?rest_route=%2Fwp%2Fv2%2Ftags&post=63021"}],"curies":[{"name":"wp","href":"https:\/\/api.w.org\/{rel}","templated":true}]}}