{"id":63027,"date":"2024-09-02T07:24:56","date_gmt":"2024-09-02T13:24:56","guid":{"rendered":"https:\/\/elinformante.mx\/?p=63027"},"modified":"2024-09-02T07:24:58","modified_gmt":"2024-09-02T13:24:58","slug":"inaugura-lia-limon-la-11a-feria-del-empleo-en-alvaro-obregon","status":"publish","type":"post","link":"https:\/\/elinformante.mx\/?p=63027","title":{"rendered":"Inaugura L\u00eda Lim\u00f3n la 11a feria del Empleo en \u00c1lvaro Obreg\u00f3n"},"content":{"rendered":"\n<blockquote class=\"wp-block-quote is-layout-flow wp-block-quote-is-layout-flow\">\n<p>Se cont\u00f3 con la participaci\u00f3n de 130 empresas que ofertaron m\u00e1s de 3 mil 300 vacantes, con todas las prestaciones de ley<\/p>\n<\/blockquote>\n\n\n\n<p>La alcaldesa L\u00eda Lim\u00f3n inaugur\u00f3 la 11a Feria del Empleo en \u00c1lvaro Obreg\u00f3n, en el lugar asegur\u00f3 que una de las principales preocupaciones en los todos los hogares es el ingreso, por lo que es importante que todas y todos tengan alternativas de empleo.<br><\/p>\n\n\n\n<p>Agradeci\u00f3 a la Universidad An\u00e1huac por apoyarla en la organizaci\u00f3n de esta feria, donde afirm\u00f3 que la mejor pol\u00edtica social que se puede hacer, es el empleo, por eso pidi\u00f3 a todos lo presentes que apoten a las vecinas y vecinos a que puedan encontrar mejores oportunidades laborales para obtener mayores ingresos para sus familias.<br><\/p>\n\n\n\n<figure class=\"wp-block-image size-large\"><img fetchpriority=\"high\" decoding=\"async\" width=\"1024\" height=\"503\" src=\"https:\/\/elinformante.mx\/wp-content\/uploads\/2024\/09\/6lia-1024x503.jpg\" alt=\"\" class=\"wp-image-63029\" srcset=\"https:\/\/elinformante.mx\/wp-content\/uploads\/2024\/09\/6lia-1024x503.jpg 1024w, https:\/\/elinformante.mx\/wp-content\/uploads\/2024\/09\/6lia-300x147.jpg 300w, https:\/\/elinformante.mx\/wp-content\/uploads\/2024\/09\/6lia-768x377.jpg 768w, https:\/\/elinformante.mx\/wp-content\/uploads\/2024\/09\/6lia-580x285.jpg 580w, https:\/\/elinformante.mx\/wp-content\/uploads\/2024\/09\/6lia-860x422.jpg 860w, https:\/\/elinformante.mx\/wp-content\/uploads\/2024\/09\/6lia.jpg 1140w\" sizes=\"(max-width: 1024px) 100vw, 1024px\" \/><\/figure>\n\n\n\n<p>En esta deria secont\u00f3 con la participaci\u00f3n de 130 empresas, que ofrecieron m\u00e1s de 3 mil 300 vacantes, en la c\u00faales ofrecian todas las prestaciones de ley.<br><\/p>\n\n\n\n<p>Uno de objetivos, mencion\u00f3 L\u00eda Lim\u00f3n, es disminuir el \u00edndice de desempleo en la \u00c1lcald\u00eda Obreg\u00f3n mediante la colaboraci\u00f3n e integraci\u00f3n laboral y econ\u00f3mica de la poblaci\u00f3n a trav\u00e9s de un empleo digno, de la implementaci\u00f3n de acciones para la protecci\u00f3n, el desarrollo y el empoderamiento de las mujeres.<br><\/p>\n\n\n\n<p>La alcaldesa agradeci\u00f3 el apoyo de la Universidad An\u00e1huac para la celebraci\u00f3n de estos eventos y precis\u00f3 que la mejor pol\u00edtica social es el empleo, \u201cpor eso apoyamos a nuestras vecinas y vecinos a encontrar mejores oportunidades laborales que les permitan mayores ingresos para sus familias\u201d.<\/p>\n","protected":false},"excerpt":{"rendered":"<p>Se cont\u00f3 con la participaci\u00f3n de 130 empresas que ofertaron m\u00e1s de 3 mil 300 vacantes, con todas las prestaciones de ley La alcaldesa L\u00eda Lim\u00f3n inaugur\u00f3 la 11a Feria del Empleo en \u00c1lvaro Obreg\u00f3n, en el lugar asegur\u00f3 que una de las principales preocupaciones en los todos los hogares es el ingreso, por lo [&hellip;]<\/p>\n","protected":false},"author":1,"featured_media":63028,"comment_status":"closed","ping_status":"closed","sticky":false,"template":"","format":"standard","meta":{"footnotes":""},"categories":[35,30],"tags":[],"class_list":["post-63027","post","type-post","status-publish","format-standard","has-post-thumbnail","hentry","category-cdmx","category-destacado"],"_links":{"self":[{"href":"https:\/\/elinformante.mx\/index.php?rest_route=\/wp\/v2\/posts\/63027","targetHints":{"allow":["GET"]}}],"collection":[{"href":"https:\/\/elinformante.mx\/index.php?rest_route=\/wp\/v2\/posts"}],"about":[{"href":"https:\/\/elinformante.mx\/index.php?rest_route=\/wp\/v2\/types\/post"}],"author":[{"embeddable":true,"href":"https:\/\/elinformante.mx\/index.php?rest_route=\/wp\/v2\/users\/1"}],"replies":[{"embeddable":true,"href":"https:\/\/elinformante.mx\/index.php?rest_route=%2Fwp%2Fv2%2Fcomments&post=63027"}],"version-history":[{"count":0,"href":"https:\/\/elinformante.mx\/index.php?rest_route=\/wp\/v2\/posts\/63027\/revisions"}],"wp:featuredmedia":[{"embeddable":true,"href":"https:\/\/elinformante.mx\/index.php?rest_route=\/wp\/v2\/media\/63028"}],"wp:attachment":[{"href":"https:\/\/elinformante.mx\/index.php?rest_route=%2Fwp%2Fv2%2Fmedia&parent=63027"}],"wp:term":[{"taxonomy":"category","embeddable":true,"href":"https:\/\/elinformante.mx\/index.php?rest_route=%2Fwp%2Fv2%2Fcategories&post=63027"},{"taxonomy":"post_tag","embeddable":true,"href":"https:\/\/elinformante.mx\/index.php?rest_route=%2Fwp%2Fv2%2Ftags&post=63027"}],"curies":[{"name":"wp","href":"https:\/\/api.w.org\/{rel}","templated":true}]}}