{"id":63031,"date":"2024-09-02T07:29:24","date_gmt":"2024-09-02T13:29:24","guid":{"rendered":"https:\/\/elinformante.mx\/?p=63031"},"modified":"2024-09-02T07:30:45","modified_gmt":"2024-09-02T13:30:45","slug":"morena-obtienen-la-mayoria-en-el-congreso-de-la-cdmx","status":"publish","type":"post","link":"https:\/\/elinformante.mx\/?p=63031","title":{"rendered":"Morena obtiene la mayor\u00eda en el Congreso de la CDMX"},"content":{"rendered":"\n<blockquote class=\"wp-block-quote is-layout-flow wp-block-quote-is-layout-flow\">\n<p>En la instalaci\u00f3n de la III Legislatura en el Congreso CDMX, Morena y sus aliados consiguieron quedarse con una bancada de 46 legisladores y con ello tener la mayor\u00eda calificada.<\/p>\n<\/blockquote>\n\n\n\n<p>Con la asistencia de 66 diputados locales, se efectu\u00f3 la sesi\u00f3n de instalaci\u00f3n de la III Legislatura del Congreso de la Ciudad de M\u00e9xico, bajo la conducci\u00f3n de la Mesa de Decanos, que presidida por el diputado Gerardo Villanueva Albarr\u00e1n.<br><\/p>\n\n\n\n<p>Se dieron a conocer, que tras el reparto de diputaciones plurinominales, Morena, PT y PVEM sumaban 43 esca\u00f1os, uno menos de los necesarios para la Mayor\u00eda Calificada.<br><\/p>\n\n\n\n<p>Una vez instalada la Legislatura, se dio a conocer como quedaron conformadas las bancadas, destacando la adhesi\u00f3n del panista Luis Ch\u00e1vez, la priista Silvia S\u00e1nchez y de la perredista Nora Arias al bloque mayoritario de Morena y sus aliados.<br><\/p>\n\n\n\n<figure class=\"wp-block-image size-large\"><img fetchpriority=\"high\" decoding=\"async\" width=\"1024\" height=\"503\" src=\"https:\/\/elinformante.mx\/wp-content\/uploads\/2024\/09\/5morena-1024x503.jpg\" alt=\"\" class=\"wp-image-63033\" srcset=\"https:\/\/elinformante.mx\/wp-content\/uploads\/2024\/09\/5morena-1024x503.jpg 1024w, https:\/\/elinformante.mx\/wp-content\/uploads\/2024\/09\/5morena-300x147.jpg 300w, https:\/\/elinformante.mx\/wp-content\/uploads\/2024\/09\/5morena-768x377.jpg 768w, https:\/\/elinformante.mx\/wp-content\/uploads\/2024\/09\/5morena-580x285.jpg 580w, https:\/\/elinformante.mx\/wp-content\/uploads\/2024\/09\/5morena-860x422.jpg 860w, https:\/\/elinformante.mx\/wp-content\/uploads\/2024\/09\/5morena.jpg 1140w\" sizes=\"(max-width: 1024px) 100vw, 1024px\" \/><\/figure>\n\n\n\n<p>La conformaci\u00f3n de la bancada mayoritaria la dio a conocer la diputada coordinadora de Morena, X\u00f3chitl Bravo, quien la identific\u00f3 como la Alianza por la Continuidad de la Transformaci\u00f3n.<br><\/p>\n\n\n\n<p>Expres\u00f3 que los 46 diputadas y diputados van a trabajar siempre por el bien de la ciudad, saben que ser mayor\u00eda no es sencillo, pero que buscar\u00e1n privilegiar el di\u00e1logo, los acuerdos, el consenso, pero jam\u00e1s permitir el chantaje pol\u00edtico.<br><\/p>\n\n\n\n<p>La diputada Martha Avila Ventura, fue investida como presidenta de la Mesa Directiva del Congreso de la Ciudad de M\u00e9xico, comprometi\u00e9ndose a conducir los trabajos parlamentarios con imparcialidad, objetividad y profesionalismo.<\/p>\n","protected":false},"excerpt":{"rendered":"<p>En la instalaci\u00f3n de la III Legislatura en el Congreso CDMX, Morena y sus aliados consiguieron quedarse con una bancada de 46 legisladores y con ello tener la mayor\u00eda calificada. Con la asistencia de 66 diputados locales, se efectu\u00f3 la sesi\u00f3n de instalaci\u00f3n de la III Legislatura del Congreso de la Ciudad de M\u00e9xico, bajo [&hellip;]<\/p>\n","protected":false},"author":1,"featured_media":63032,"comment_status":"closed","ping_status":"closed","sticky":false,"template":"","format":"standard","meta":{"footnotes":""},"categories":[35],"tags":[],"class_list":["post-63031","post","type-post","status-publish","format-standard","has-post-thumbnail","hentry","category-cdmx"],"_links":{"self":[{"href":"https:\/\/elinformante.mx\/index.php?rest_route=\/wp\/v2\/posts\/63031","targetHints":{"allow":["GET"]}}],"collection":[{"href":"https:\/\/elinformante.mx\/index.php?rest_route=\/wp\/v2\/posts"}],"about":[{"href":"https:\/\/elinformante.mx\/index.php?rest_route=\/wp\/v2\/types\/post"}],"author":[{"embeddable":true,"href":"https:\/\/elinformante.mx\/index.php?rest_route=\/wp\/v2\/users\/1"}],"replies":[{"embeddable":true,"href":"https:\/\/elinformante.mx\/index.php?rest_route=%2Fwp%2Fv2%2Fcomments&post=63031"}],"version-history":[{"count":0,"href":"https:\/\/elinformante.mx\/index.php?rest_route=\/wp\/v2\/posts\/63031\/revisions"}],"wp:featuredmedia":[{"embeddable":true,"href":"https:\/\/elinformante.mx\/index.php?rest_route=\/wp\/v2\/media\/63032"}],"wp:attachment":[{"href":"https:\/\/elinformante.mx\/index.php?rest_route=%2Fwp%2Fv2%2Fmedia&parent=63031"}],"wp:term":[{"taxonomy":"category","embeddable":true,"href":"https:\/\/elinformante.mx\/index.php?rest_route=%2Fwp%2Fv2%2Fcategories&post=63031"},{"taxonomy":"post_tag","embeddable":true,"href":"https:\/\/elinformante.mx\/index.php?rest_route=%2Fwp%2Fv2%2Ftags&post=63031"}],"curies":[{"name":"wp","href":"https:\/\/api.w.org\/{rel}","templated":true}]}}