{"id":63035,"date":"2024-09-02T07:30:39","date_gmt":"2024-09-02T13:30:39","guid":{"rendered":"https:\/\/elinformante.mx\/?p=63035"},"modified":"2024-09-02T07:30:40","modified_gmt":"2024-09-02T13:30:40","slug":"marti-batres-hizo-la-ultima-entrega-de-creditos-fondeso","status":"publish","type":"post","link":"https:\/\/elinformante.mx\/?p=63035","title":{"rendered":"Mart\u00ed Batres hizo la \u00faltima entrega de cr\u00e9ditos FONDESO"},"content":{"rendered":"\n<blockquote class=\"wp-block-quote is-layout-flow wp-block-quote-is-layout-flow\">\n<p>Se hizo entrega de una cifra r\u00e9cord de 276 mil apoyos que suman un total de 2 mil 769 millones de pesos.<\/p>\n<\/blockquote>\n\n\n\n<p>El Jefe de Gobierno, Mart\u00ed Batres Guadarrama, encabez\u00f3 la d\u00e9cima entrega de este a\u00f1o y \u00faltima de la actual administraci\u00f3n, de Cr\u00e9ditos del Fondo para el Desarrollo Social (FONDESO), en la que destac\u00f3 el acento social puesto en la econom\u00eda por medio de este programa, al cerrar el sexenio con un total de 276 mil 439 financiamientos otorgados por un monto de 2 mil 769.4 millones de pesos, n\u00fameros que rebasan a todo lo entregado desde la creaci\u00f3n del programa y hasta 2018.<br><\/p>\n\n\n\n<p>Desde la Alcald\u00eda Iztacalco, el mandatario se\u00f1al\u00f3 que al apoyar a los microempresarios se activa la econom\u00eda desde abajo y se genera bienestar, lo que desecha la visi\u00f3n neoliberal de que el desarrollo ocurre al otorgar cr\u00e9ditos y perdonar impuestos a grandes empresas, ya que, incluso, ocurri\u00f3 lo contrario al acentuarse la desigualdad en ese periodo.<br><\/p>\n\n\n\n<p>Mart\u00ed Batres subray\u00f3 que apoyar a las personas de bajos ingresos para abrir sus negocios es un acto de justicia social y una medida fundamental, debido a que 80 por ciento de los empleos son generados por Micro, Peque\u00f1as y Medianas Empresas (MIPYMES).<br><\/p>\n\n\n\n<p>El Jefe de Gobierno destac\u00f3 el trabajo en favor del pa\u00eds por parte del Presidente Andr\u00e9s Manuel L\u00f3pez Obrador, y las acciones en la Ciudad de M\u00e9xico hechas por la exjefa de Gobierno y Presidenta Electa, Claudia Sheinbaum Pardo, como el programa \u201cBienestar para Ni\u00f1as y Ni\u00f1os, Mi beca para Empezar\u201d, o la creaci\u00f3n de 300 Puntos de Innovaci\u00f3n Libertad, Arte, Educaci\u00f3n y Saberes (PILARES), por lo que confi\u00f3 en que los pr\u00f3ximos gobiernos de la capital y el pa\u00eds apoyar\u00e1n a la gente bajo el principio de \u201cpor el bien de todos, primero los pobres\u201d.<br><\/p>\n\n\n\n<figure class=\"wp-block-image size-large\"><img fetchpriority=\"high\" decoding=\"async\" width=\"1024\" height=\"503\" src=\"https:\/\/elinformante.mx\/wp-content\/uploads\/2024\/09\/5marti-1024x503.jpg\" alt=\"\" class=\"wp-image-63037\" srcset=\"https:\/\/elinformante.mx\/wp-content\/uploads\/2024\/09\/5marti-1024x503.jpg 1024w, https:\/\/elinformante.mx\/wp-content\/uploads\/2024\/09\/5marti-300x147.jpg 300w, https:\/\/elinformante.mx\/wp-content\/uploads\/2024\/09\/5marti-768x377.jpg 768w, https:\/\/elinformante.mx\/wp-content\/uploads\/2024\/09\/5marti-580x285.jpg 580w, https:\/\/elinformante.mx\/wp-content\/uploads\/2024\/09\/5marti-860x422.jpg 860w, https:\/\/elinformante.mx\/wp-content\/uploads\/2024\/09\/5marti.jpg 1140w\" sizes=\"(max-width: 1024px) 100vw, 1024px\" \/><\/figure>\n\n\n\n<p>Por su parte, el secretario de Desarrollo Econ\u00f3mico (SEDECO), Fadlala Akabani Hneide, asegur\u00f3 que esta administraci\u00f3n cumpli\u00f3 el objetivo de devolver el sentido social al FONDESO y en general, a la din\u00e1mica econ\u00f3mica de la capital.<br><\/p>\n\n\n\n<p>En la CDMX se generaron m\u00e1s de 411 mil empleos, adem\u00e1s de capacitar a quienes adquirieron un cr\u00e9dito para impulsar sus conocimientos y habilidades, alcanzando la cifra de 809 mil personas.<br><\/p>\n\n\n\n<p>Explic\u00f3 que en esta d\u00e9cima entrega de 2024 y \u00faltima del sexenio, se entregaron 3 mil 495 cr\u00e9ditos, por una suma de 35 millones 777 mil pesos, con lo cual en este a\u00f1o se entregaron un total de 43 mil 424 cr\u00e9ditos por 437 millones de pesos, una cifra tambi\u00e9n hist\u00f3rica.<br><\/p>\n\n\n\n<p>A la \u00faltima entrega de Cr\u00e9ditos FONDESO de la administraci\u00f3n tambi\u00e9n asisti\u00f3 el alcalde de Iztacalco, Armando Quintero Mart\u00ednez.<\/p>\n","protected":false},"excerpt":{"rendered":"<p>Se hizo entrega de una cifra r\u00e9cord de 276 mil apoyos que suman un total de 2 mil 769 millones de pesos. El Jefe de Gobierno, Mart\u00ed Batres Guadarrama, encabez\u00f3 la d\u00e9cima entrega de este a\u00f1o y \u00faltima de la actual administraci\u00f3n, de Cr\u00e9ditos del Fondo para el Desarrollo Social (FONDESO), en la que destac\u00f3 [&hellip;]<\/p>\n","protected":false},"author":1,"featured_media":63036,"comment_status":"closed","ping_status":"closed","sticky":false,"template":"","format":"standard","meta":{"footnotes":""},"categories":[35,30],"tags":[],"class_list":["post-63035","post","type-post","status-publish","format-standard","has-post-thumbnail","hentry","category-cdmx","category-destacado"],"_links":{"self":[{"href":"https:\/\/elinformante.mx\/index.php?rest_route=\/wp\/v2\/posts\/63035","targetHints":{"allow":["GET"]}}],"collection":[{"href":"https:\/\/elinformante.mx\/index.php?rest_route=\/wp\/v2\/posts"}],"about":[{"href":"https:\/\/elinformante.mx\/index.php?rest_route=\/wp\/v2\/types\/post"}],"author":[{"embeddable":true,"href":"https:\/\/elinformante.mx\/index.php?rest_route=\/wp\/v2\/users\/1"}],"replies":[{"embeddable":true,"href":"https:\/\/elinformante.mx\/index.php?rest_route=%2Fwp%2Fv2%2Fcomments&post=63035"}],"version-history":[{"count":0,"href":"https:\/\/elinformante.mx\/index.php?rest_route=\/wp\/v2\/posts\/63035\/revisions"}],"wp:featuredmedia":[{"embeddable":true,"href":"https:\/\/elinformante.mx\/index.php?rest_route=\/wp\/v2\/media\/63036"}],"wp:attachment":[{"href":"https:\/\/elinformante.mx\/index.php?rest_route=%2Fwp%2Fv2%2Fmedia&parent=63035"}],"wp:term":[{"taxonomy":"category","embeddable":true,"href":"https:\/\/elinformante.mx\/index.php?rest_route=%2Fwp%2Fv2%2Fcategories&post=63035"},{"taxonomy":"post_tag","embeddable":true,"href":"https:\/\/elinformante.mx\/index.php?rest_route=%2Fwp%2Fv2%2Ftags&post=63035"}],"curies":[{"name":"wp","href":"https:\/\/api.w.org\/{rel}","templated":true}]}}