{"id":63040,"date":"2024-09-02T07:39:50","date_gmt":"2024-09-02T13:39:50","guid":{"rendered":"https:\/\/elinformante.mx\/?p=63040"},"modified":"2024-09-02T07:39:51","modified_gmt":"2024-09-02T13:39:51","slug":"protestan-miles-de-estudiantes-contra-la-reforma-judicial","status":"publish","type":"post","link":"https:\/\/elinformante.mx\/?p=63040","title":{"rendered":"Protestan miles de estudiantes contra la Reforma Judicial"},"content":{"rendered":"\n<blockquote class=\"wp-block-quote is-layout-flow wp-block-quote-is-layout-flow\">\n<p>J\u00f3venes estudiantes de universidades p\u00fablicas y privadas rechazan la iniciativa del presidente L\u00f3pez Obrador<\/p>\n<\/blockquote>\n\n\n\n<p>Miles de estudiantes universitarios de derecho protestaron contra la reforma judicial del presidente Andr\u00e9s Manuel L\u00f3pez Obrador.<br><\/p>\n\n\n\n<p>Los j\u00f3venes marcharon desde el \u00c1ngel de la Independencia hasta el Senado momentos antes de que L\u00f3pez Obrador rindiera su \u00faltimo Informe de Gobierno oficial.<br><\/p>\n\n\n\n<p>Cientos de banderas ondeaban en manos de los manifestantes, acompa\u00f1ados de pancartas y consignas. \u201cDemocr\u00e1tico es el poder que se ejerce con el benepl\u00e1cito de todo el pueblo, no solo el de las mayor\u00edas aplastantes\u201d, expuso uno de los oradores en el \u00c1ngel de la Independencia. A la manifestaci\u00f3n se unieron alumnos de otras instituciones p\u00fablicas, como el Centro de Investigaci\u00f3n y Docencia Econ\u00f3micas (CIDE), y privadas, como la Escuela Libre de Derecho (ELD), la Universidad Iberoamericana y el Instituto Tecnol\u00f3gico Aut\u00f3nomo de M\u00e9xico (ITAM).<br><\/p>\n\n\n\n<p>Los estudiantes denuncian que la reforma, afectar\u00eda la carrera judicial y permitir\u00eda la intromisi\u00f3n de intereses ajenos en la justicia.<br><\/p>\n\n\n\n<figure class=\"wp-block-image size-large\"><img fetchpriority=\"high\" decoding=\"async\" width=\"1024\" height=\"503\" src=\"https:\/\/elinformante.mx\/wp-content\/uploads\/2024\/09\/3protestan-1024x503.jpg\" alt=\"\" class=\"wp-image-63042\" srcset=\"https:\/\/elinformante.mx\/wp-content\/uploads\/2024\/09\/3protestan-1024x503.jpg 1024w, https:\/\/elinformante.mx\/wp-content\/uploads\/2024\/09\/3protestan-300x147.jpg 300w, https:\/\/elinformante.mx\/wp-content\/uploads\/2024\/09\/3protestan-768x377.jpg 768w, https:\/\/elinformante.mx\/wp-content\/uploads\/2024\/09\/3protestan-580x285.jpg 580w, https:\/\/elinformante.mx\/wp-content\/uploads\/2024\/09\/3protestan-860x422.jpg 860w, https:\/\/elinformante.mx\/wp-content\/uploads\/2024\/09\/3protestan.jpg 1140w\" sizes=\"(max-width: 1024px) 100vw, 1024px\" \/><\/figure>\n\n\n\n<p>Sin embargo el presidente ha dicho en varias ocasiones que los profesores han estado enga\u00f1ando a los estudiantes con que no es procedente llevar a cabo una reforma al Poder Judicial, tach\u00e1ndolo de antidemocr\u00e1tico.<br><\/p>\n\n\n\n<p>Al grito de \u201c\u00a1Juventud informada, reforma rechazada!\u201d, corearon mientras avanzaban por el Paseo de la Reforma, la principal avenida de la capital mexicana, donde tambi\u00e9n lanzaron reclamos a la presidenta electa, Claudia Sheinbaum, quien apoya la iniciativa.<br><\/p>\n\n\n\n<p>\u201cSe\u00f1or presidente, se\u00f1ora presidenta electa, a los j\u00f3venes, a los estudiantes, no los enga\u00f1an\u201d, manifest\u00f3 otro de los oradores, de los que algunos no se identificaron por temor a represalias.<br><\/p>\n\n\n\n<p>A la manifestaci\u00f3n se unieron jueces y trabajadores del Poder Judicial, Consejo General de la Abogac\u00eda Mexicana, quienes se encuentran en un paro nacional contra la reforma desde el 21 de agosto.<br><\/p>\n\n\n\n<p>El oficialismo prev\u00e9 discutir la reforma a partir de hoy lunes en el pleno del Congreso, en la que comienza una nueva legislatura en la que la alianza de partidos de L\u00f3pez Obrador tendr\u00e1 ahora la mayor\u00eda calificada, de dos tercios de los esca\u00f1os, para modificar la Constituci\u00f3n sin obst\u00e1culos.<\/p>\n","protected":false},"excerpt":{"rendered":"<p>J\u00f3venes estudiantes de universidades p\u00fablicas y privadas rechazan la iniciativa del presidente L\u00f3pez Obrador Miles de estudiantes universitarios de derecho protestaron contra la reforma judicial del presidente Andr\u00e9s Manuel L\u00f3pez Obrador. Los j\u00f3venes marcharon desde el \u00c1ngel de la Independencia hasta el Senado momentos antes de que L\u00f3pez Obrador rindiera su \u00faltimo Informe de Gobierno [&hellip;]<\/p>\n","protected":false},"author":1,"featured_media":63041,"comment_status":"closed","ping_status":"closed","sticky":false,"template":"","format":"standard","meta":{"footnotes":""},"categories":[34],"tags":[],"class_list":["post-63040","post","type-post","status-publish","format-standard","has-post-thumbnail","hentry","category-nacional"],"_links":{"self":[{"href":"https:\/\/elinformante.mx\/index.php?rest_route=\/wp\/v2\/posts\/63040","targetHints":{"allow":["GET"]}}],"collection":[{"href":"https:\/\/elinformante.mx\/index.php?rest_route=\/wp\/v2\/posts"}],"about":[{"href":"https:\/\/elinformante.mx\/index.php?rest_route=\/wp\/v2\/types\/post"}],"author":[{"embeddable":true,"href":"https:\/\/elinformante.mx\/index.php?rest_route=\/wp\/v2\/users\/1"}],"replies":[{"embeddable":true,"href":"https:\/\/elinformante.mx\/index.php?rest_route=%2Fwp%2Fv2%2Fcomments&post=63040"}],"version-history":[{"count":0,"href":"https:\/\/elinformante.mx\/index.php?rest_route=\/wp\/v2\/posts\/63040\/revisions"}],"wp:featuredmedia":[{"embeddable":true,"href":"https:\/\/elinformante.mx\/index.php?rest_route=\/wp\/v2\/media\/63041"}],"wp:attachment":[{"href":"https:\/\/elinformante.mx\/index.php?rest_route=%2Fwp%2Fv2%2Fmedia&parent=63040"}],"wp:term":[{"taxonomy":"category","embeddable":true,"href":"https:\/\/elinformante.mx\/index.php?rest_route=%2Fwp%2Fv2%2Fcategories&post=63040"},{"taxonomy":"post_tag","embeddable":true,"href":"https:\/\/elinformante.mx\/index.php?rest_route=%2Fwp%2Fv2%2Ftags&post=63040"}],"curies":[{"name":"wp","href":"https:\/\/api.w.org\/{rel}","templated":true}]}}