{"id":63044,"date":"2024-09-02T07:41:20","date_gmt":"2024-09-02T13:41:20","guid":{"rendered":"https:\/\/elinformante.mx\/?p=63044"},"modified":"2024-09-02T07:41:21","modified_gmt":"2024-09-02T13:41:21","slug":"mas-de-la-mitad-del-pais-sera-azotado-por-las-lluvias","status":"publish","type":"post","link":"https:\/\/elinformante.mx\/?p=63044","title":{"rendered":"M\u00e1s de la mitad del pa\u00eds ser\u00e1 azotado por las lluvias"},"content":{"rendered":"\n<blockquote class=\"wp-block-quote is-layout-flow wp-block-quote-is-layout-flow\">\n<p>Una onda tropical, sumado al llamado monz\u00f3n mexicano, provocar\u00e1n durante la semana precipitaciones con descargas el\u00e9ctricas y posible granizo.<\/p>\n<\/blockquote>\n\n\n\n<p>El Servicio Meteorol\u00f3gico Nacional (SMN) a pronostica una semana de lluvias fuertes e intensas debido al sistema frontal n\u00famero 1.<br><\/p>\n\n\n\n<p>Se pronostican rachas de viento de 60 y hasta de 80 kil\u00f3metros por hora, de acuerdo con el organismo de la Comisi\u00f3n Nacional del Agua (Conagua).<br><\/p>\n\n\n\n<p>Estos factores producir\u00e1n lluvias puntuales intensas en Chihuahua, Coahuila, Nuevo Le\u00f3n, Tamaulipas, Durango y Zacatecas, lluvias puntuales muy fuertes en Sonora, Sinaloa y San Luis Potos\u00ed, chubascos en Baja California Sur y lluvias aisladas en Baja California.<br><\/p>\n\n\n\n<p>Una onda tropical se desplazar\u00e1 sobre el sureste mexicano, canales de baja presi\u00f3n sobre el occidente y centro del pa\u00eds, aunados al ingreso de humedad de ambos oc\u00e9anos, generar\u00e1n lluvias puntuales intensas en Puebla, Morelos, Guerrero, Oaxaca y Chiapas, lluvias muy fuertes en Nayarit, Jalisco, Colima, Michoac\u00e1n, Ciudad de M\u00e9xico, Estado de M\u00e9xico, Tlaxcala, Veracruz, Tabasco, Campeche, Yucat\u00e1n y Quintana Roo, y lluvias fuertes en Aguascalientes, Guanajuato, Quer\u00e9taro e Hidalgo.<br><\/p>\n\n\n\n<p>En el Valle de M\u00e9xico se prev\u00e9 cielo medio nublado a nublado durante el transcurso del d\u00eda. Durante la ma\u00f1ana, ambiente fresco a templado en la regi\u00f3n y fr\u00edo con bancos de niebla en zonas altas.<br><\/p>\n\n\n\n<p>Por la tarde, ambiente templado a c\u00e1lido y probabilidad de lluvias fuertes a puntuales muy fuertes en la Ciudad de M\u00e9xico y el Estado de M\u00e9xico, las cuales podr\u00edan acompa\u00f1arse con descargas el\u00e9ctricas y ca\u00edda de granizo.<\/p>\n","protected":false},"excerpt":{"rendered":"<p>Una onda tropical, sumado al llamado monz\u00f3n mexicano, provocar\u00e1n durante la semana precipitaciones con descargas el\u00e9ctricas y posible granizo. El Servicio Meteorol\u00f3gico Nacional (SMN) a pronostica una semana de lluvias fuertes e intensas debido al sistema frontal n\u00famero 1. Se pronostican rachas de viento de 60 y hasta de 80 kil\u00f3metros por hora, de acuerdo [&hellip;]<\/p>\n","protected":false},"author":1,"featured_media":63045,"comment_status":"closed","ping_status":"closed","sticky":false,"template":"","format":"standard","meta":{"footnotes":""},"categories":[30,34],"tags":[],"class_list":["post-63044","post","type-post","status-publish","format-standard","has-post-thumbnail","hentry","category-destacado","category-nacional"],"_links":{"self":[{"href":"https:\/\/elinformante.mx\/index.php?rest_route=\/wp\/v2\/posts\/63044","targetHints":{"allow":["GET"]}}],"collection":[{"href":"https:\/\/elinformante.mx\/index.php?rest_route=\/wp\/v2\/posts"}],"about":[{"href":"https:\/\/elinformante.mx\/index.php?rest_route=\/wp\/v2\/types\/post"}],"author":[{"embeddable":true,"href":"https:\/\/elinformante.mx\/index.php?rest_route=\/wp\/v2\/users\/1"}],"replies":[{"embeddable":true,"href":"https:\/\/elinformante.mx\/index.php?rest_route=%2Fwp%2Fv2%2Fcomments&post=63044"}],"version-history":[{"count":0,"href":"https:\/\/elinformante.mx\/index.php?rest_route=\/wp\/v2\/posts\/63044\/revisions"}],"wp:featuredmedia":[{"embeddable":true,"href":"https:\/\/elinformante.mx\/index.php?rest_route=\/wp\/v2\/media\/63045"}],"wp:attachment":[{"href":"https:\/\/elinformante.mx\/index.php?rest_route=%2Fwp%2Fv2%2Fmedia&parent=63044"}],"wp:term":[{"taxonomy":"category","embeddable":true,"href":"https:\/\/elinformante.mx\/index.php?rest_route=%2Fwp%2Fv2%2Fcategories&post=63044"},{"taxonomy":"post_tag","embeddable":true,"href":"https:\/\/elinformante.mx\/index.php?rest_route=%2Fwp%2Fv2%2Ftags&post=63044"}],"curies":[{"name":"wp","href":"https:\/\/api.w.org\/{rel}","templated":true}]}}