{"id":63050,"date":"2024-09-02T07:43:42","date_gmt":"2024-09-02T13:43:42","guid":{"rendered":"https:\/\/elinformante.mx\/?p=63050"},"modified":"2024-09-02T07:43:43","modified_gmt":"2024-09-02T13:43:43","slug":"jalisco-es-lider-indiscutible-en-semiconductores-en-mexico","status":"publish","type":"post","link":"https:\/\/elinformante.mx\/?p=63050","title":{"rendered":"Jalisco es \u201cl\u00edder indiscutible\u201d en semiconductores en M\u00e9xico"},"content":{"rendered":"\n<blockquote class=\"wp-block-quote is-layout-flow wp-block-quote-is-layout-flow\">\n<p>El director del organismo, Francisco Medina, llam\u00f3 a industriales de alta tecnolog\u00eda a exigir que pol\u00edticas p\u00fablicas se mantengan y que el presupuesto crezca en el pr\u00f3ximo gobierno.<\/p>\n<\/blockquote>\n\n\n\n<p>Jalisco es el \u201cl\u00edder indiscutible\u201d en semiconductores en M\u00e9xico, con el 70% de las empresas de ese ramo instaladas en este estado, afirm\u00f3 el director general del Consejo Estatal de Ciencia y Tecnolog\u00eda (COECYTJAL), Francisco Medina, al referir que en la entidad se encuentran instaladas compa\u00f1\u00edas como Intel, USI, Micron, Bosch y Foxconn.<br><\/p>\n\n\n\n<p>En el marco del XXIX Congreso de la Industria de Alta Tecnolog\u00eda (CIAT) que organiza en Puerto Vallarta la C\u00e1mara Nacional de la Industria Electr\u00f3nica, de Telecomunicaciones y Tecnolog\u00edas de la Informaci\u00f3n de Occidente (CANIETI), Medina G\u00f3mez explic\u00f3 que eso ha sido posible gracias a la implementaci\u00f3n de pol\u00edticas p\u00fablicas enfocadas a la innovaci\u00f3n, ciencia y tecnolog\u00eda, as\u00ed como a la asignaci\u00f3n de presupuesto estatal para dichas pol\u00edticas.<br><\/p>\n\n\n\n<p>Refiri\u00f3 que solo a trav\u00e9s del proyecto TAE (Talento Altamente Especializado) en sus cuatro primeras ediciones se formaron casi 6,000 personas en 16 proyectos, con una aportaci\u00f3n de 2.3 Millones de d\u00f3lares del gobierno y un presupuesto concurrente de casi un mill\u00f3n de d\u00f3lares.<br><\/p>\n\n\n\n<p>En materia de patentes, entre 2019 y 2023, Jalisco aport\u00f3 18.1% de las patentes a nivel nacional, mientras que en invenciones (incluyen, patentes, modelos de utilidad y dise\u00f1os industriales) la participaci\u00f3n fue de 16.4%.<\/p>\n","protected":false},"excerpt":{"rendered":"<p>El director del organismo, Francisco Medina, llam\u00f3 a industriales de alta tecnolog\u00eda a exigir que pol\u00edticas p\u00fablicas se mantengan y que el presupuesto crezca en el pr\u00f3ximo gobierno. Jalisco es el \u201cl\u00edder indiscutible\u201d en semiconductores en M\u00e9xico, con el 70% de las empresas de ese ramo instaladas en este estado, afirm\u00f3 el director general del [&hellip;]<\/p>\n","protected":false},"author":1,"featured_media":63051,"comment_status":"closed","ping_status":"closed","sticky":false,"template":"","format":"standard","meta":{"footnotes":""},"categories":[34],"tags":[],"class_list":["post-63050","post","type-post","status-publish","format-standard","has-post-thumbnail","hentry","category-nacional"],"_links":{"self":[{"href":"https:\/\/elinformante.mx\/index.php?rest_route=\/wp\/v2\/posts\/63050","targetHints":{"allow":["GET"]}}],"collection":[{"href":"https:\/\/elinformante.mx\/index.php?rest_route=\/wp\/v2\/posts"}],"about":[{"href":"https:\/\/elinformante.mx\/index.php?rest_route=\/wp\/v2\/types\/post"}],"author":[{"embeddable":true,"href":"https:\/\/elinformante.mx\/index.php?rest_route=\/wp\/v2\/users\/1"}],"replies":[{"embeddable":true,"href":"https:\/\/elinformante.mx\/index.php?rest_route=%2Fwp%2Fv2%2Fcomments&post=63050"}],"version-history":[{"count":0,"href":"https:\/\/elinformante.mx\/index.php?rest_route=\/wp\/v2\/posts\/63050\/revisions"}],"wp:featuredmedia":[{"embeddable":true,"href":"https:\/\/elinformante.mx\/index.php?rest_route=\/wp\/v2\/media\/63051"}],"wp:attachment":[{"href":"https:\/\/elinformante.mx\/index.php?rest_route=%2Fwp%2Fv2%2Fmedia&parent=63050"}],"wp:term":[{"taxonomy":"category","embeddable":true,"href":"https:\/\/elinformante.mx\/index.php?rest_route=%2Fwp%2Fv2%2Fcategories&post=63050"},{"taxonomy":"post_tag","embeddable":true,"href":"https:\/\/elinformante.mx\/index.php?rest_route=%2Fwp%2Fv2%2Ftags&post=63050"}],"curies":[{"name":"wp","href":"https:\/\/api.w.org\/{rel}","templated":true}]}}