{"id":63063,"date":"2024-09-02T07:55:28","date_gmt":"2024-09-02T13:55:28","guid":{"rendered":"https:\/\/elinformante.mx\/?p=63063"},"modified":"2024-09-02T07:55:29","modified_gmt":"2024-09-02T13:55:29","slug":"amlo-se-despide-claudia-promete-cuidar-su-legado","status":"publish","type":"post","link":"https:\/\/elinformante.mx\/?p=63063","title":{"rendered":"AMLO SE DESPIDE, CLAUDIA PROMETE CUIDAR SU LEGADO"},"content":{"rendered":"\n<blockquote class=\"wp-block-quote is-layout-flow wp-block-quote-is-layout-flow\">\n<p>\u201cNos ense\u00f1\u00f3 a no caer ante las adversidades, a no arrodillarnos frente al poder del dinero, a confiar en el pueblo y su dignidad, y as\u00ed es como lo har\u00e9\u201d, mencion\u00f3 en una carta la presidenta electa.<\/p>\n<\/blockquote>\n\n\n\n<p>La presidenta electa, Claudia Sheinbaum, hizo un recuento de los acontecimientos m\u00e1s importantes que vivi\u00f3 en compa\u00f1\u00eda de Andr\u00e9s Manuel L\u00f3pez Obrador y asegur\u00f3 que cuidar\u00e1 el legado del tabasque\u00f1o. Sheinbaum acudi\u00f3 este domingo al Z\u00f3calo como invitada del presidente a la presentaci\u00f3n de su sexto y \u00faltimo informe de gobierno.<br><\/p>\n\n\n\n<figure class=\"wp-block-image size-large\"><img fetchpriority=\"high\" decoding=\"async\" width=\"1024\" height=\"503\" src=\"https:\/\/elinformante.mx\/wp-content\/uploads\/2024\/09\/9amlo-4-1024x503.jpg\" alt=\"\" class=\"wp-image-63065\" srcset=\"https:\/\/elinformante.mx\/wp-content\/uploads\/2024\/09\/9amlo-4-1024x503.jpg 1024w, https:\/\/elinformante.mx\/wp-content\/uploads\/2024\/09\/9amlo-4-300x147.jpg 300w, https:\/\/elinformante.mx\/wp-content\/uploads\/2024\/09\/9amlo-4-768x377.jpg 768w, https:\/\/elinformante.mx\/wp-content\/uploads\/2024\/09\/9amlo-4-580x285.jpg 580w, https:\/\/elinformante.mx\/wp-content\/uploads\/2024\/09\/9amlo-4-860x422.jpg 860w, https:\/\/elinformante.mx\/wp-content\/uploads\/2024\/09\/9amlo-4.jpg 1140w\" sizes=\"(max-width: 1024px) 100vw, 1024px\" \/><\/figure>\n\n\n\n<p>Sheinbaum public\u00f3 una parte de la carta que ley\u00f3 al presidente el d\u00eda que fue designada como candidata presidencial de Morena y el presidente le entreg\u00f3 un bast\u00f3n de mando para transferirle la dirigencia del movimiento conocido como La Cuarta Transformaci\u00f3n.<br><\/p>\n\n\n\n<p>En ella, se refiri\u00f3 al presidente L\u00f3pez Obrador como una referente \u00e9tico y moral, una persona que ense\u00f1o a todos a no caerse ante las adversidades, a no arrodillarse frente al poder del dinero, a confiar en el pueblo y su dignidad, y que cuando hay una revoluci\u00f3n de las conciencias cuando un pueblo se empodera y reconoce su fuerza y su historia, no hay nada que lo detenga.<br><\/p>\n\n\n\n<figure class=\"wp-block-image size-large\"><img decoding=\"async\" width=\"1024\" height=\"503\" src=\"https:\/\/elinformante.mx\/wp-content\/uploads\/2024\/09\/9amlo-6-1024x503.jpg\" alt=\"\" class=\"wp-image-63066\" srcset=\"https:\/\/elinformante.mx\/wp-content\/uploads\/2024\/09\/9amlo-6-1024x503.jpg 1024w, https:\/\/elinformante.mx\/wp-content\/uploads\/2024\/09\/9amlo-6-300x147.jpg 300w, https:\/\/elinformante.mx\/wp-content\/uploads\/2024\/09\/9amlo-6-768x377.jpg 768w, https:\/\/elinformante.mx\/wp-content\/uploads\/2024\/09\/9amlo-6-580x285.jpg 580w, https:\/\/elinformante.mx\/wp-content\/uploads\/2024\/09\/9amlo-6-860x422.jpg 860w, https:\/\/elinformante.mx\/wp-content\/uploads\/2024\/09\/9amlo-6.jpg 1140w\" sizes=\"(max-width: 1024px) 100vw, 1024px\" \/><\/figure>\n\n\n\n<p>\u201cSepa querido presidente que siempre tendr\u00e1 nuestro apoyo y cuidaremos su gran legado; sepa que el cierre de su gobierno ser\u00e1 espectacular, porque una vez m\u00e1s con el pueblo de M\u00e9xico, estaremos haciendo historia\u201d, public\u00f3 Sheinbaum en sus cuentas de redes sociales.<br><\/p>\n\n\n\n<p>En el texto tambi\u00e9n hace hincapi\u00e9 en c\u00f3mo desde los primeros a\u00f1os de este siglo comenzaron a laborar juntos, hechos que fortalecieron su relaci\u00f3n en los a\u00f1os recientes.<br><\/p>\n\n\n\n<figure class=\"wp-block-image size-large\"><img decoding=\"async\" width=\"1024\" height=\"503\" src=\"https:\/\/elinformante.mx\/wp-content\/uploads\/2024\/09\/9amlo-3-1024x503.jpg\" alt=\"\" class=\"wp-image-63067\" srcset=\"https:\/\/elinformante.mx\/wp-content\/uploads\/2024\/09\/9amlo-3-1024x503.jpg 1024w, https:\/\/elinformante.mx\/wp-content\/uploads\/2024\/09\/9amlo-3-300x147.jpg 300w, https:\/\/elinformante.mx\/wp-content\/uploads\/2024\/09\/9amlo-3-768x377.jpg 768w, https:\/\/elinformante.mx\/wp-content\/uploads\/2024\/09\/9amlo-3-580x285.jpg 580w, https:\/\/elinformante.mx\/wp-content\/uploads\/2024\/09\/9amlo-3-860x422.jpg 860w, https:\/\/elinformante.mx\/wp-content\/uploads\/2024\/09\/9amlo-3.jpg 1140w\" sizes=\"(max-width: 1024px) 100vw, 1024px\" \/><\/figure>\n\n\n\n<p>Agradeci\u00f3 el poder estar a su lado cuando fung\u00eda como jefe de Gobierno, y record\u00f3 los momentos amargos que vivieron, como el fraude en 2006, o la defensa del petr\u00f3leo con las adelitas.<br><\/p>\n\n\n\n<p>Mencion\u00f3 sentirse orgullosa de recordar los inicios de Morena, que empez\u00f3 siendo una asociaci\u00f3n civil, para m\u00e1s tarde convertirse en un partido pol\u00edtico.<br><\/p>\n\n\n\n<figure class=\"wp-block-image size-large\"><img loading=\"lazy\" decoding=\"async\" width=\"1024\" height=\"503\" src=\"https:\/\/elinformante.mx\/wp-content\/uploads\/2024\/09\/9amlo-2-1024x503.jpg\" alt=\"\" class=\"wp-image-63068\" srcset=\"https:\/\/elinformante.mx\/wp-content\/uploads\/2024\/09\/9amlo-2-1024x503.jpg 1024w, https:\/\/elinformante.mx\/wp-content\/uploads\/2024\/09\/9amlo-2-300x147.jpg 300w, https:\/\/elinformante.mx\/wp-content\/uploads\/2024\/09\/9amlo-2-768x377.jpg 768w, https:\/\/elinformante.mx\/wp-content\/uploads\/2024\/09\/9amlo-2-580x285.jpg 580w, https:\/\/elinformante.mx\/wp-content\/uploads\/2024\/09\/9amlo-2-860x422.jpg 860w, https:\/\/elinformante.mx\/wp-content\/uploads\/2024\/09\/9amlo-2.jpg 1140w\" sizes=\"(max-width: 1024px) 100vw, 1024px\" \/><\/figure>\n\n\n\n<p>Adem\u00e1s hizo menci\u00f3n al triunfo obtenido en 2018, cuando ella se convirti\u00f3 en jefa de Gobierno de la CDMX, mientras que a \u00e9l lo nombraban Presidente.<br><\/p>\n\n\n\n<p>Y culmin\u00f3 con unas sensibles palabras: \u201ces un honor haber caminado junto a usted en aquella hist\u00f3rica marcha del 27 de noviembre de 2022 y es un honor, recibir de sus manos este bast\u00f3n de mando\u201d, expuso la presidenta electa.<\/p>\n\n\n\n<figure class=\"wp-block-image size-large\"><img loading=\"lazy\" decoding=\"async\" width=\"1024\" height=\"503\" src=\"https:\/\/elinformante.mx\/wp-content\/uploads\/2024\/09\/9amlo-1024x503.jpg\" alt=\"\" class=\"wp-image-63069\" srcset=\"https:\/\/elinformante.mx\/wp-content\/uploads\/2024\/09\/9amlo-1024x503.jpg 1024w, https:\/\/elinformante.mx\/wp-content\/uploads\/2024\/09\/9amlo-300x147.jpg 300w, https:\/\/elinformante.mx\/wp-content\/uploads\/2024\/09\/9amlo-768x377.jpg 768w, https:\/\/elinformante.mx\/wp-content\/uploads\/2024\/09\/9amlo-580x285.jpg 580w, https:\/\/elinformante.mx\/wp-content\/uploads\/2024\/09\/9amlo-860x422.jpg 860w, https:\/\/elinformante.mx\/wp-content\/uploads\/2024\/09\/9amlo.jpg 1140w\" sizes=\"(max-width: 1024px) 100vw, 1024px\" \/><\/figure>\n","protected":false},"excerpt":{"rendered":"<p>\u201cNos ense\u00f1\u00f3 a no caer ante las adversidades, a no arrodillarnos frente al poder del dinero, a confiar en el pueblo y su dignidad, y as\u00ed es como lo har\u00e9\u201d, mencion\u00f3 en una carta la presidenta electa. La presidenta electa, Claudia Sheinbaum, hizo un recuento de los acontecimientos m\u00e1s importantes que vivi\u00f3 en compa\u00f1\u00eda de [&hellip;]<\/p>\n","protected":false},"author":1,"featured_media":63064,"comment_status":"closed","ping_status":"closed","sticky":false,"template":"","format":"standard","meta":{"footnotes":""},"categories":[30,34,31],"tags":[],"class_list":["post-63063","post","type-post","status-publish","format-standard","has-post-thumbnail","hentry","category-destacado","category-nacional","category-portada"],"_links":{"self":[{"href":"https:\/\/elinformante.mx\/index.php?rest_route=\/wp\/v2\/posts\/63063","targetHints":{"allow":["GET"]}}],"collection":[{"href":"https:\/\/elinformante.mx\/index.php?rest_route=\/wp\/v2\/posts"}],"about":[{"href":"https:\/\/elinformante.mx\/index.php?rest_route=\/wp\/v2\/types\/post"}],"author":[{"embeddable":true,"href":"https:\/\/elinformante.mx\/index.php?rest_route=\/wp\/v2\/users\/1"}],"replies":[{"embeddable":true,"href":"https:\/\/elinformante.mx\/index.php?rest_route=%2Fwp%2Fv2%2Fcomments&post=63063"}],"version-history":[{"count":0,"href":"https:\/\/elinformante.mx\/index.php?rest_route=\/wp\/v2\/posts\/63063\/revisions"}],"wp:featuredmedia":[{"embeddable":true,"href":"https:\/\/elinformante.mx\/index.php?rest_route=\/wp\/v2\/media\/63064"}],"wp:attachment":[{"href":"https:\/\/elinformante.mx\/index.php?rest_route=%2Fwp%2Fv2%2Fmedia&parent=63063"}],"wp:term":[{"taxonomy":"category","embeddable":true,"href":"https:\/\/elinformante.mx\/index.php?rest_route=%2Fwp%2Fv2%2Fcategories&post=63063"},{"taxonomy":"post_tag","embeddable":true,"href":"https:\/\/elinformante.mx\/index.php?rest_route=%2Fwp%2Fv2%2Ftags&post=63063"}],"curies":[{"name":"wp","href":"https:\/\/api.w.org\/{rel}","templated":true}]}}