{"id":63182,"date":"2024-09-04T06:14:04","date_gmt":"2024-09-04T12:14:04","guid":{"rendered":"https:\/\/elinformante.mx\/?p=63182"},"modified":"2024-09-04T06:14:50","modified_gmt":"2024-09-04T12:14:50","slug":"presenta-problemas-de-salud-elton-john-su-vision-esta-siendo-afectado","status":"publish","type":"post","link":"https:\/\/elinformante.mx\/?p=63182","title":{"rendered":"Presenta problemas de salud Elton John; su visi\u00f3n est\u00e1 siendo afectada"},"content":{"rendered":"\n<blockquote class=\"wp-block-quote is-layout-flow wp-block-quote-is-layout-flow\">\n<p>El compositor de 77 a\u00f1os ha presentado problemas de salud y actualiz\u00f3 a sus fans sobre c\u00f3mo ha sido su evoluci\u00f3n.<\/p>\n<\/blockquote>\n\n\n\n<p>Elton John es uno de los m\u00fasicos brit\u00e1nicos m\u00e1s importante en la industria musical, pero a sus 77 a\u00f1os sigue experimentando problemas de salud, como la reciente infecci\u00f3n que lo llev\u00f3 a perder la visi\u00f3n en uno de sus ojos.<br><\/p>\n\n\n\n<p>Cabe recordar que en agosto de 2023, el cantante brit\u00e1nico sufri\u00f3 una ca\u00edda tras resbalarse en su villa en Niza, Francia, si embargo, fue dado de alta enseguida debido a que no present\u00f3 fracturas.<br><\/p>\n\n\n\n<p>A trav\u00e9s de su cuenta de Instagram donde Elton John emiti\u00f3 un comunicado en el que detalla cu\u00e1l es su estado de salud.<br><\/p>\n\n\n\n<p>A lo largo del verano he batallado con una infecci\u00f3n de ojo severa, que desafortunadamente me ha dejado con la visi\u00f3n limitada de un ojo\u201d<br><\/p>\n\n\n\n<p>A pesar de que el int\u00e9rprete de \u201cI\u2019m still standing\u201d dijo que est\u00e1 sanando, reconoci\u00f3 que es un proceso extremadamente lento y que tomar\u00e1 un tiempo antes de que la visi\u00f3n regrese a su ojo afectado.<br><\/p>\n\n\n\n<p>Estoy muy agradecido por el excelente equipo de doctores y enfermeras y a mi familia, que me han cuidado muy bien durante las semanas pasadas\u201d<br><\/p>\n\n\n\n<p>Finalmente, el compositor dijo sentirse positivo en su proceso de recuperaci\u00f3n, el cual ha ocurrido a lo largo del verano en su casa.<br><\/p>\n\n\n\n<p>Cabe recordar que Elton John se ha recuperado satisfactoriamente de diversos malestares, pues sobrevivi\u00f3 al c\u00e1ncer de pr\u00f3stata, a una infecci\u00f3n de cadera, a Covid-19 y a una severa infecci\u00f3n posoperatoria.<br><\/p>\n\n\n\n<p>Fue en agosto de 2020 cuando el int\u00e9rprete de \u201cBenny and the Jets\u201d fren\u00f3 sus giras con una hist\u00f3rica despedida en Suiza, en donde oficialmente, le dijo adi\u00f3s a los escenarios despu\u00e9s de una larga carrera que inici\u00f3 en 1961.<\/p>\n","protected":false},"excerpt":{"rendered":"<p>El compositor de 77 a\u00f1os ha presentado problemas de salud y actualiz\u00f3 a sus fans sobre c\u00f3mo ha sido su evoluci\u00f3n. Elton John es uno de los m\u00fasicos brit\u00e1nicos m\u00e1s importante en la industria musical, pero a sus 77 a\u00f1os sigue experimentando problemas de salud, como la reciente infecci\u00f3n que lo llev\u00f3 a perder la [&hellip;]<\/p>\n","protected":false},"author":1,"featured_media":63183,"comment_status":"closed","ping_status":"closed","sticky":false,"template":"","format":"standard","meta":{"footnotes":""},"categories":[39],"tags":[],"class_list":["post-63182","post","type-post","status-publish","format-standard","has-post-thumbnail","hentry","category-espectaculos"],"_links":{"self":[{"href":"https:\/\/elinformante.mx\/index.php?rest_route=\/wp\/v2\/posts\/63182","targetHints":{"allow":["GET"]}}],"collection":[{"href":"https:\/\/elinformante.mx\/index.php?rest_route=\/wp\/v2\/posts"}],"about":[{"href":"https:\/\/elinformante.mx\/index.php?rest_route=\/wp\/v2\/types\/post"}],"author":[{"embeddable":true,"href":"https:\/\/elinformante.mx\/index.php?rest_route=\/wp\/v2\/users\/1"}],"replies":[{"embeddable":true,"href":"https:\/\/elinformante.mx\/index.php?rest_route=%2Fwp%2Fv2%2Fcomments&post=63182"}],"version-history":[{"count":0,"href":"https:\/\/elinformante.mx\/index.php?rest_route=\/wp\/v2\/posts\/63182\/revisions"}],"wp:featuredmedia":[{"embeddable":true,"href":"https:\/\/elinformante.mx\/index.php?rest_route=\/wp\/v2\/media\/63183"}],"wp:attachment":[{"href":"https:\/\/elinformante.mx\/index.php?rest_route=%2Fwp%2Fv2%2Fmedia&parent=63182"}],"wp:term":[{"taxonomy":"category","embeddable":true,"href":"https:\/\/elinformante.mx\/index.php?rest_route=%2Fwp%2Fv2%2Fcategories&post=63182"},{"taxonomy":"post_tag","embeddable":true,"href":"https:\/\/elinformante.mx\/index.php?rest_route=%2Fwp%2Fv2%2Ftags&post=63182"}],"curies":[{"name":"wp","href":"https:\/\/api.w.org\/{rel}","templated":true}]}}