{"id":63194,"date":"2024-09-04T06:20:30","date_gmt":"2024-09-04T12:20:30","guid":{"rendered":"https:\/\/elinformante.mx\/?p=63194"},"modified":"2024-09-04T06:20:31","modified_gmt":"2024-09-04T12:20:31","slug":"rafa-mir-es-detenido-acusado-de-presunta-agresion-sexual","status":"publish","type":"post","link":"https:\/\/elinformante.mx\/?p=63194","title":{"rendered":"Rafa Mir es detenido acusado de presunta agresi\u00f3n sexual"},"content":{"rendered":"\n<blockquote class=\"wp-block-quote is-layout-flow wp-block-quote-is-layout-flow\">\n<p>La denuncia la ha interpuesto una mujer de 25 a\u00f1os que manifest\u00f3 haber sufrido una agresi\u00f3n sexual junto con otra mujer de 21 a\u00f1os, en el domicilio particular de Rafa Mir.<\/p>\n<\/blockquote>\n\n\n\n<p>El futbolista del Valencia CF, Rafa Mir qued\u00f3 bajo resguardo de la Guardia Civil en Espa\u00f1a, tras la denuncia interpuesta por una mujer, de 25 a\u00f1os, a ra\u00edz de una presunta agresi\u00f3n sexual ocurrida en el domicilio particular del futbolista; anuncia el club valenciano total colaboraci\u00f3n en la investigaci\u00f3n.<br><\/p>\n\n\n\n<p>La denuncia la ha interpuesto una mujer de 25 a\u00f1os que manifest\u00f3 haber sufrido una agresi\u00f3n sexual junto con otra mujer, de 21 a\u00f1os, en el domicilio particular de Rafa Mir.<br><\/p>\n\n\n\n<p>En los hechos, seg\u00fan el relato de la denunciante, habr\u00eda participado otro hombre, al que se busca por su presunta implicaci\u00f3n en la agresi\u00f3n sexual sufrida por estas dos mujeres.<br><\/p>\n\n\n\n<figure class=\"wp-block-image size-large\"><img fetchpriority=\"high\" decoding=\"async\" width=\"1024\" height=\"503\" src=\"https:\/\/elinformante.mx\/wp-content\/uploads\/2024\/09\/14rafa-1024x503.jpg\" alt=\"\" class=\"wp-image-63196\" srcset=\"https:\/\/elinformante.mx\/wp-content\/uploads\/2024\/09\/14rafa-1024x503.jpg 1024w, https:\/\/elinformante.mx\/wp-content\/uploads\/2024\/09\/14rafa-300x147.jpg 300w, https:\/\/elinformante.mx\/wp-content\/uploads\/2024\/09\/14rafa-768x377.jpg 768w, https:\/\/elinformante.mx\/wp-content\/uploads\/2024\/09\/14rafa-580x285.jpg 580w, https:\/\/elinformante.mx\/wp-content\/uploads\/2024\/09\/14rafa-860x422.jpg 860w, https:\/\/elinformante.mx\/wp-content\/uploads\/2024\/09\/14rafa.jpg 1140w\" sizes=\"(max-width: 1024px) 100vw, 1024px\" \/><\/figure>\n\n\n\n<p>El arresto de Rafael Mir se produjo en el marco de una investigaci\u00f3n que ha sido declarada secreta por orden judicial.<br><\/p>\n\n\n\n<p>El Valencia CF afirma que era conocedor de la detenci\u00f3n este lunes de su futbolista Rafa Mir por un presunto delito de agresi\u00f3n sexual y se\u00f1al\u00f3 que colaborar\u00e1 en todo aquello que la justicia pudiera requerir.<br><\/p>\n\n\n\n<p>\u201cEn relaci\u00f3n con las noticias de prensa aparecidas al respecto de la detenci\u00f3n del jugador del Valencia CF, Rafa Mir, el Club es conocedor de dicha detenci\u00f3n y, a falta de detalles sobre la misma, por el momento \u00fanicamente puede manifestar que colaborar\u00e1 en todo aquello que la justicia pudiera requerir\u201c, reza el comunicado hecho p\u00fablico por el equipo che.<br><\/p>\n\n\n\n<p>Dicho comunicado llega despu\u00e9s de que el futbolista del Valencia, cedido por el Sevilla, Rafa Mir fuera detenido por la Guardia Civil por una denuncia interpuesta por una mujer por presunta agresi\u00f3n sexual.<\/p>\n","protected":false},"excerpt":{"rendered":"<p>La denuncia la ha interpuesto una mujer de 25 a\u00f1os que manifest\u00f3 haber sufrido una agresi\u00f3n sexual junto con otra mujer de 21 a\u00f1os, en el domicilio particular de Rafa Mir. El futbolista del Valencia CF, Rafa Mir qued\u00f3 bajo resguardo de la Guardia Civil en Espa\u00f1a, tras la denuncia interpuesta por una mujer, de [&hellip;]<\/p>\n","protected":false},"author":1,"featured_media":63195,"comment_status":"closed","ping_status":"closed","sticky":false,"template":"","format":"standard","meta":{"footnotes":""},"categories":[38,30],"tags":[],"class_list":["post-63194","post","type-post","status-publish","format-standard","has-post-thumbnail","hentry","category-deportes","category-destacado"],"_links":{"self":[{"href":"https:\/\/elinformante.mx\/index.php?rest_route=\/wp\/v2\/posts\/63194","targetHints":{"allow":["GET"]}}],"collection":[{"href":"https:\/\/elinformante.mx\/index.php?rest_route=\/wp\/v2\/posts"}],"about":[{"href":"https:\/\/elinformante.mx\/index.php?rest_route=\/wp\/v2\/types\/post"}],"author":[{"embeddable":true,"href":"https:\/\/elinformante.mx\/index.php?rest_route=\/wp\/v2\/users\/1"}],"replies":[{"embeddable":true,"href":"https:\/\/elinformante.mx\/index.php?rest_route=%2Fwp%2Fv2%2Fcomments&post=63194"}],"version-history":[{"count":0,"href":"https:\/\/elinformante.mx\/index.php?rest_route=\/wp\/v2\/posts\/63194\/revisions"}],"wp:featuredmedia":[{"embeddable":true,"href":"https:\/\/elinformante.mx\/index.php?rest_route=\/wp\/v2\/media\/63195"}],"wp:attachment":[{"href":"https:\/\/elinformante.mx\/index.php?rest_route=%2Fwp%2Fv2%2Fmedia&parent=63194"}],"wp:term":[{"taxonomy":"category","embeddable":true,"href":"https:\/\/elinformante.mx\/index.php?rest_route=%2Fwp%2Fv2%2Fcategories&post=63194"},{"taxonomy":"post_tag","embeddable":true,"href":"https:\/\/elinformante.mx\/index.php?rest_route=%2Fwp%2Fv2%2Ftags&post=63194"}],"curies":[{"name":"wp","href":"https:\/\/api.w.org\/{rel}","templated":true}]}}