{"id":63198,"date":"2024-09-04T06:21:58","date_gmt":"2024-09-04T12:21:58","guid":{"rendered":"https:\/\/elinformante.mx\/?p=63198"},"modified":"2024-09-04T06:21:59","modified_gmt":"2024-09-04T12:21:59","slug":"vinculan-a-proceso-a-fernando-n-alias-fer-italia-por-el-delito-de-violacion","status":"publish","type":"post","link":"https:\/\/elinformante.mx\/?p=63198","title":{"rendered":"Vinculan a proceso a Fernando \u201cN\u201d, al\u00edas Fer-Italia, por el delito de violaci\u00f3n"},"content":{"rendered":"\n<blockquote class=\"wp-block-quote is-layout-flow wp-block-quote-is-layout-flow\">\n<p>Fue detenido el pasado 28 de agosto por elementos de la Fiscal\u00eda Edom\u00e9x, SSPC federal y CONAHO.<\/p>\n<\/blockquote>\n\n\n\n<p>Luis Fernando \u201cN\u201d, generador de contenido, quien es conocido como \u201cFer Italia\u201d, fue vinculado a proceso, luego de que la FGJEM acredit\u00f3 su probable intervenci\u00f3n en el delito de violaci\u00f3n en agravio de una adolescente de 16 a\u00f1os en Huixquilucan.<br><\/p>\n\n\n\n<p>Durante audiencia celebrada en los Juzgados de Tlalnepantla, el Representante Social fij\u00f3 plazo de un mes para el cierre de investigaci\u00f3n complementaria y ratific\u00f3 la medida cautelar de prisi\u00f3n preventiva justificada, fijada en audiencia anterior.<br><\/p>\n\n\n\n<p>De acuerdo con la investigaci\u00f3n de la Fiscal\u00eda mexiquense, Luis Fernando \u201cN\u201d, habr\u00eda agredido sexualmente a la v\u00edctima en dos ocasiones, esto al interior de un domicilio localizado en la colonia Constituyentes en el municipio de Huixquilucan.<br><\/p>\n\n\n\n<p>Uno de los hechos fue cometido el 11 de enero de este a\u00f1o, cuando el probable implicado, con base en enga\u00f1os, traslad\u00f3 a la v\u00edctima a la vivienda referida, en donde habr\u00eda cometido la violaci\u00f3n.<br><\/p>\n\n\n\n<p>Posteriormente, el 22 de marzo de este a\u00f1o, el investigado presumiblemente amenaz\u00f3 a la v\u00edctima con difundir videos y fotograf\u00edas supuestamente de \u00edndole sexual de ella, adem\u00e1s de que de nueva cuenta la llev\u00f3 al domicilio referido para agredirla sexualmente.<br><\/p>\n\n\n\n<p>Una vez que estos hechos fueron del conocimiento de esta Instituci\u00f3n, fue iniciado un expediente de investigaci\u00f3n y se recabaron datos de prueba, con los que el Agente del Ministerio P\u00fablico solicit\u00f3 a la Autoridad Judicial librar orden de aprehensi\u00f3n en contra de Luis Fernando \u201cN\u201d.<br><\/p>\n\n\n\n<p>El pasado 28 de agosto, elementos de la Polic\u00eda de Investigaci\u00f3n, en conjunto con elementos de la Secretar\u00eda de Seguridad y Protecci\u00f3n Ciudadana del Gobierno de M\u00e9xico (SSPC), a trav\u00e9s de la Comisi\u00f3n Nacional Antihomicidio (CONAHO), detuvieron en una plaza comercial en Huixquilucan al probable implicado.<br><\/p>\n\n\n\n<p>Luis Fernando \u201cN\u201d, fue puesto a disposici\u00f3n de la Autoridad Judicial en el interior del Centro Penitenciario y de Reinserci\u00f3n Social Lic. Juan Fern\u00e1ndez Albarr\u00e1n, en Tlalnepantla, quien determin\u00f3 iniciar proceso legal en su contra, sin embargo, debe ser considerado inocente hasta que sea dictada una sentencia condenatoria en su contra.<\/p>\n","protected":false},"excerpt":{"rendered":"<p>Fue detenido el pasado 28 de agosto por elementos de la Fiscal\u00eda Edom\u00e9x, SSPC federal y CONAHO. Luis Fernando \u201cN\u201d, generador de contenido, quien es conocido como \u201cFer Italia\u201d, fue vinculado a proceso, luego de que la FGJEM acredit\u00f3 su probable intervenci\u00f3n en el delito de violaci\u00f3n en agravio de una adolescente de 16 a\u00f1os [&hellip;]<\/p>\n","protected":false},"author":1,"featured_media":63199,"comment_status":"closed","ping_status":"closed","sticky":false,"template":"","format":"standard","meta":{"footnotes":""},"categories":[36,37],"tags":[],"class_list":["post-63198","post","type-post","status-publish","format-standard","has-post-thumbnail","hentry","category-edomex","category-justicia"],"_links":{"self":[{"href":"https:\/\/elinformante.mx\/index.php?rest_route=\/wp\/v2\/posts\/63198","targetHints":{"allow":["GET"]}}],"collection":[{"href":"https:\/\/elinformante.mx\/index.php?rest_route=\/wp\/v2\/posts"}],"about":[{"href":"https:\/\/elinformante.mx\/index.php?rest_route=\/wp\/v2\/types\/post"}],"author":[{"embeddable":true,"href":"https:\/\/elinformante.mx\/index.php?rest_route=\/wp\/v2\/users\/1"}],"replies":[{"embeddable":true,"href":"https:\/\/elinformante.mx\/index.php?rest_route=%2Fwp%2Fv2%2Fcomments&post=63198"}],"version-history":[{"count":0,"href":"https:\/\/elinformante.mx\/index.php?rest_route=\/wp\/v2\/posts\/63198\/revisions"}],"wp:featuredmedia":[{"embeddable":true,"href":"https:\/\/elinformante.mx\/index.php?rest_route=\/wp\/v2\/media\/63199"}],"wp:attachment":[{"href":"https:\/\/elinformante.mx\/index.php?rest_route=%2Fwp%2Fv2%2Fmedia&parent=63198"}],"wp:term":[{"taxonomy":"category","embeddable":true,"href":"https:\/\/elinformante.mx\/index.php?rest_route=%2Fwp%2Fv2%2Fcategories&post=63198"},{"taxonomy":"post_tag","embeddable":true,"href":"https:\/\/elinformante.mx\/index.php?rest_route=%2Fwp%2Fv2%2Ftags&post=63198"}],"curies":[{"name":"wp","href":"https:\/\/api.w.org\/{rel}","templated":true}]}}