{"id":63204,"date":"2024-09-04T06:25:41","date_gmt":"2024-09-04T12:25:41","guid":{"rendered":"https:\/\/elinformante.mx\/?p=63204"},"modified":"2024-09-04T06:25:43","modified_gmt":"2024-09-04T12:25:43","slug":"sujeto-es-aprehendido-por-el-delito-de-extorsion","status":"publish","type":"post","link":"https:\/\/elinformante.mx\/?p=63204","title":{"rendered":"Sujeto es aprehendido por el delito de extorsi\u00f3n"},"content":{"rendered":"\n<blockquote class=\"wp-block-quote is-layout-flow wp-block-quote-is-layout-flow\">\n<p>Personal de ambas dependencias colabor\u00f3 apegado a la ley para darle cumplimiento a lo dictado por un juez.<\/p>\n<\/blockquote>\n\n\n\n<p>Elementos de la SSEM y de la FGJEM, dieron cumplimento a una orden de aprehensi\u00f3n y detuvieron a un hombre al parecer relacionado con el delito de extorsi\u00f3n.<br><\/p>\n\n\n\n<p>Tras labores de investigaci\u00f3n y seguimiento a un sospechoso, efectivos se trasladaron a Santa Clara Chilpan, donde interceptaron a Jorge \u201cN\u201d de 52 a\u00f1os de edad, para darle atenci\u00f3n al mandato judicial, fue remitido al Centro Penitenciario y de Reinserci\u00f3n Social (CPRS) de Cuautitl\u00e1n, donde continuar\u00e1 su proceso legal.<\/p>\n","protected":false},"excerpt":{"rendered":"<p>Personal de ambas dependencias colabor\u00f3 apegado a la ley para darle cumplimiento a lo dictado por un juez. Elementos de la SSEM y de la FGJEM, dieron cumplimento a una orden de aprehensi\u00f3n y detuvieron a un hombre al parecer relacionado con el delito de extorsi\u00f3n. Tras labores de investigaci\u00f3n y seguimiento a un sospechoso, [&hellip;]<\/p>\n","protected":false},"author":1,"featured_media":63206,"comment_status":"closed","ping_status":"closed","sticky":false,"template":"","format":"standard","meta":{"footnotes":""},"categories":[30,36,37],"tags":[],"class_list":["post-63204","post","type-post","status-publish","format-standard","has-post-thumbnail","hentry","category-destacado","category-edomex","category-justicia"],"_links":{"self":[{"href":"https:\/\/elinformante.mx\/index.php?rest_route=\/wp\/v2\/posts\/63204","targetHints":{"allow":["GET"]}}],"collection":[{"href":"https:\/\/elinformante.mx\/index.php?rest_route=\/wp\/v2\/posts"}],"about":[{"href":"https:\/\/elinformante.mx\/index.php?rest_route=\/wp\/v2\/types\/post"}],"author":[{"embeddable":true,"href":"https:\/\/elinformante.mx\/index.php?rest_route=\/wp\/v2\/users\/1"}],"replies":[{"embeddable":true,"href":"https:\/\/elinformante.mx\/index.php?rest_route=%2Fwp%2Fv2%2Fcomments&post=63204"}],"version-history":[{"count":0,"href":"https:\/\/elinformante.mx\/index.php?rest_route=\/wp\/v2\/posts\/63204\/revisions"}],"wp:featuredmedia":[{"embeddable":true,"href":"https:\/\/elinformante.mx\/index.php?rest_route=\/wp\/v2\/media\/63206"}],"wp:attachment":[{"href":"https:\/\/elinformante.mx\/index.php?rest_route=%2Fwp%2Fv2%2Fmedia&parent=63204"}],"wp:term":[{"taxonomy":"category","embeddable":true,"href":"https:\/\/elinformante.mx\/index.php?rest_route=%2Fwp%2Fv2%2Fcategories&post=63204"},{"taxonomy":"post_tag","embeddable":true,"href":"https:\/\/elinformante.mx\/index.php?rest_route=%2Fwp%2Fv2%2Ftags&post=63204"}],"curies":[{"name":"wp","href":"https:\/\/api.w.org\/{rel}","templated":true}]}}