{"id":63208,"date":"2024-09-04T06:27:28","date_gmt":"2024-09-04T12:27:28","guid":{"rendered":"https:\/\/elinformante.mx\/?p=63208"},"modified":"2024-09-04T06:27:29","modified_gmt":"2024-09-04T12:27:29","slug":"uaemex-reflexiona-sobre-la-salud-y-derechos-de-los-adultos-mayores","status":"publish","type":"post","link":"https:\/\/elinformante.mx\/?p=63208","title":{"rendered":"UAEM\u00e9x reflexiona sobre la salud y derechos de los adultos mayores"},"content":{"rendered":"\n<blockquote class=\"wp-block-quote is-layout-flow wp-block-quote-is-layout-flow\">\n<p>Dentro de las actividades de la Expo Geronto 2024, se llevaron a cabo conferencias sobre la importancia del cuidado de la salud en la vejez.<\/p>\n<\/blockquote>\n\n\n\n<p>En el marco del d\u00eda del adulto mayor, la Universidad Aut\u00f3noma del Estado de M\u00e9xico (UAEM\u00c9X) a trav\u00e9s de la Facultad de Enfermer\u00eda y Obstetricia inaugur\u00f3 la Expo Geronto 2024 en el Centro Cultural Universitario \u201cCasa de las Diligencias\u201d.<br><\/p>\n\n\n\n<p>El director de Evaluaci\u00f3n de la secretar\u00eda de Planeaci\u00f3n y Desarrollo Institucional, Alejandro Jim\u00e9nez Ortiz destac\u00f3 que ante los desaf\u00edos que enfrentan las personas adultas mayores es necesario que desde el \u00e1mbito educativo y cient\u00edfico, as\u00ed como la formaci\u00f3n de capital humano en el \u00e1rea de la salud, redoblar esfuerzos para asegurar la calidad de vida y el respeto a los derechos este grupo poblacional.<br><\/p>\n\n\n\n<p>\u201cLa Aut\u00f3noma mexiquense participa de manera activa en el desarrollo de la equidad a trav\u00e9s del conocimiento enfocado a la sociedad, por lo que forma profesionistas capacitados para el cuidado y la salud de las personas adultas mayores\u201d, mencion\u00f3.<br><\/p>\n\n\n\n<p>Jim\u00e9nez Ortiz apunt\u00f3 que la licenciatura en Gerontolog\u00eda de la UAEM\u00e9x sent\u00f3 un precedente hist\u00f3rico en la educaci\u00f3n superior a nivel nacional, as\u00ed como un compromiso inapelable de esta casa de estudios para brindar un especial cuidado y atenci\u00f3n a las y los adultos mayores.<br><\/p>\n\n\n\n<p>La directora de la Facultad de Enfermer\u00eda y Obstetricia, B\u00e1rbara Dimas Altamirano explic\u00f3 que la Expo Geronto 2024, cuyo lema \u201cinnovaci\u00f3n y bienestar para una vida plena\u201d, tiene como prop\u00f3sito reflexionar sobre c\u00f3mo se puede mejorar la calidad de vida de las personas adultas mayores, proporcionando herramientas para mantener la autonom\u00eda, la salud y el bienestar durante esta etapa de vida.<br><\/p>\n\n\n\n<p>Dentro de las actividades de la Expo Geronto 2024, se llevaron a cabo conferencias sobre la importancia del cuidado de la salud en la vejez, adem\u00e1s de contar con stands de bienestar integral como salud cognitiva, emocional, social, espiritual, nutrici\u00f3n, medicina, terapia f\u00edsica y ocupacional, entre otros.<br><\/p>\n\n\n\n<p>Al acto, acudieron la responsable del Departamento de Actividades Art\u00edsticas del Centro Cultural Universitario \u201cCasa de las Diligencias\u201d, Ligia del Carmen Campos Espindola; la subdirectora acad\u00e9mica de la Facultad de Enfermer\u00eda y Obstetricia, Liliana Antonia Guadarrama P\u00e9rez y la coordinadora de la licenciatura en Gerontolog\u00eda, Diana Jim\u00e9nez Vargas.<\/p>\n","protected":false},"excerpt":{"rendered":"<p>Dentro de las actividades de la Expo Geronto 2024, se llevaron a cabo conferencias sobre la importancia del cuidado de la salud en la vejez. En el marco del d\u00eda del adulto mayor, la Universidad Aut\u00f3noma del Estado de M\u00e9xico (UAEM\u00c9X) a trav\u00e9s de la Facultad de Enfermer\u00eda y Obstetricia inaugur\u00f3 la Expo Geronto 2024 [&hellip;]<\/p>\n","protected":false},"author":1,"featured_media":63209,"comment_status":"closed","ping_status":"closed","sticky":false,"template":"","format":"standard","meta":{"footnotes":""},"categories":[36],"tags":[],"class_list":["post-63208","post","type-post","status-publish","format-standard","has-post-thumbnail","hentry","category-edomex"],"_links":{"self":[{"href":"https:\/\/elinformante.mx\/index.php?rest_route=\/wp\/v2\/posts\/63208","targetHints":{"allow":["GET"]}}],"collection":[{"href":"https:\/\/elinformante.mx\/index.php?rest_route=\/wp\/v2\/posts"}],"about":[{"href":"https:\/\/elinformante.mx\/index.php?rest_route=\/wp\/v2\/types\/post"}],"author":[{"embeddable":true,"href":"https:\/\/elinformante.mx\/index.php?rest_route=\/wp\/v2\/users\/1"}],"replies":[{"embeddable":true,"href":"https:\/\/elinformante.mx\/index.php?rest_route=%2Fwp%2Fv2%2Fcomments&post=63208"}],"version-history":[{"count":0,"href":"https:\/\/elinformante.mx\/index.php?rest_route=\/wp\/v2\/posts\/63208\/revisions"}],"wp:featuredmedia":[{"embeddable":true,"href":"https:\/\/elinformante.mx\/index.php?rest_route=\/wp\/v2\/media\/63209"}],"wp:attachment":[{"href":"https:\/\/elinformante.mx\/index.php?rest_route=%2Fwp%2Fv2%2Fmedia&parent=63208"}],"wp:term":[{"taxonomy":"category","embeddable":true,"href":"https:\/\/elinformante.mx\/index.php?rest_route=%2Fwp%2Fv2%2Fcategories&post=63208"},{"taxonomy":"post_tag","embeddable":true,"href":"https:\/\/elinformante.mx\/index.php?rest_route=%2Fwp%2Fv2%2Ftags&post=63208"}],"curies":[{"name":"wp","href":"https:\/\/api.w.org\/{rel}","templated":true}]}}