{"id":63211,"date":"2024-09-04T06:30:46","date_gmt":"2024-09-04T12:30:46","guid":{"rendered":"https:\/\/elinformante.mx\/?p=63211"},"modified":"2024-09-04T06:30:47","modified_gmt":"2024-09-04T12:30:47","slug":"recibe-acreditacion-internacional-la-licenciatura-de-medico-cirujano-de-la-uaemex-cebd","status":"publish","type":"post","link":"https:\/\/elinformante.mx\/?p=63211","title":{"rendered":"Recibe acreditaci\u00f3n internacional la Licenciatura de M\u00e9dico Cirujano de la UAEM\u00e9x: CEBD"},"content":{"rendered":"\n<blockquote class=\"wp-block-quote is-layout-flow wp-block-quote-is-layout-flow\">\n<p>El rector Carlos Eduardo Barrera D\u00edaz destac\u00f3 que esta acreditaci\u00f3n ampliar\u00e1 las posibilidades de establecer convenios de colaboraci\u00f3n internacionales que brindar\u00e1n la oportunidad de estudiar programas de posgrado en otros pa\u00edses.<\/p>\n<\/blockquote>\n\n\n\n<p>La Licenciatura en M\u00e9dico Cirujano de la Facultad de Medicina de la Universidad Aut\u00f3noma del Estado de M\u00e9xico (UAEM\u00e9x) fue reconocida por parte del Consejo Mexicano para la Acreditaci\u00f3n de la Educaci\u00f3n M\u00e9dica (COMAEM) por su contribuci\u00f3n a la formaci\u00f3n de profesionales de la salud con excelencia y pertinencia social.<br><\/p>\n\n\n\n<p>El rector de la UAEM\u00e9x, Carlos Eduardo Barrera D\u00edaz, acompa\u00f1ado del presidente del COMAEM, Jes\u00fas Hern\u00e1ndez Tinoco, asever\u00f3 que \u00e9ste es un reconocimiento a la cultura de mejora continua que distingue a la comunidad verde y oro y permite alcanzar los m\u00e1s altos est\u00e1ndares internacionales.<br><\/p>\n\n\n\n<p>Barrera D\u00edaz coment\u00f3 que, desde su primer a\u00f1o de gesti\u00f3n, la Administraci\u00f3n Universitaria 2021-2025 se interes\u00f3 por fortalecer la infraestructura de los espacios acad\u00e9micos de la instituci\u00f3n.<br><\/p>\n\n\n\n<p>Detall\u00f3, con apoyo de instancias como la Secretar\u00eda de Educaci\u00f3n P\u00fablica (SEP), a trav\u00e9s del Fondo de Aportaciones M\u00faltiples (FAM), y el Gobierno del Estado de M\u00e9xico, a trav\u00e9s del Consejo Mexiquense de Ciencia y Tecnolog\u00eda (COMECYT), se construyeron y equiparon nuevos edificios en la Facultad de Medicina.<br><\/p>\n\n\n\n<figure class=\"wp-block-image size-large\"><img fetchpriority=\"high\" decoding=\"async\" width=\"1024\" height=\"503\" src=\"https:\/\/elinformante.mx\/wp-content\/uploads\/2024\/09\/10uaemex-2-1-1024x503.jpg\" alt=\"\" class=\"wp-image-63213\" srcset=\"https:\/\/elinformante.mx\/wp-content\/uploads\/2024\/09\/10uaemex-2-1-1024x503.jpg 1024w, https:\/\/elinformante.mx\/wp-content\/uploads\/2024\/09\/10uaemex-2-1-300x147.jpg 300w, https:\/\/elinformante.mx\/wp-content\/uploads\/2024\/09\/10uaemex-2-1-768x377.jpg 768w, https:\/\/elinformante.mx\/wp-content\/uploads\/2024\/09\/10uaemex-2-1-580x285.jpg 580w, https:\/\/elinformante.mx\/wp-content\/uploads\/2024\/09\/10uaemex-2-1-860x422.jpg 860w, https:\/\/elinformante.mx\/wp-content\/uploads\/2024\/09\/10uaemex-2-1.jpg 1140w\" sizes=\"(max-width: 1024px) 100vw, 1024px\" \/><\/figure>\n\n\n\n<p>Felicit\u00f3 a la comunidad estudiantil, docente y administrativa de este espacio acad\u00e9mico, pues adem\u00e1s de elevar su prestigio, ampliar\u00e1n las posibilidades de establecer convenios de colaboraci\u00f3n internacionales, brindando a las y los egresados la oportunidad de estudiar programas de posgrado en otros pa\u00edses, lo cual es de sumo inter\u00e9s para su comunidad, pues en el 2021, la Facultad de Medicina contaba con 2 mil 47 estudiantes de especialidades, una cifra que aument\u00f3 un 30 por ciento, pues actualmente la matr\u00edcula es 2 mil 842 estudiantes.<br><\/p>\n\n\n\n<p>\u201cLa Facultad de Medicina es un referente para todas y todos los estudiantes que sienten un llamado vocacional por el servicio m\u00e9dico, por ello, esta nueva acreditaci\u00f3n ser\u00e1 un aliciente para continuar elevando la calidad de la formaci\u00f3n y atenci\u00f3n m\u00e9dica en nuestras entidades y, ahora, en otros pa\u00edses\u201d, resalt\u00f3.<br><\/p>\n\n\n\n<p>Hern\u00e1ndez Tinoco precis\u00f3 que recibir este sexto reconocimiento para la Licenciatura en M\u00e9dico Cirujano, ahora a nivel internacional, es el resultado del esfuerzo y trabajo continuo de toda la comunidad universitaria.<br><\/p>\n\n\n\n<p>El director de la Facultad de Medicina, Hugo Mendieta Zer\u00f3n explic\u00f3 que este reconocimiento avala la calidad y el prestigio global de la educaci\u00f3n m\u00e9dica que ofrece la UAEM\u00e9x, que se ha adaptado y evolucionado para satisfacer las exigencias del entorno acad\u00e9mico y profesional actual, garantizando que las y los egresados de la Licenciatura en M\u00e9dico Cirujano cuentan con competencias reconocidas a nivel mundial.<br><\/p>\n\n\n\n<p>Al acto asistieron el secretario de Docencia, Jos\u00e9 Raymundo Marcial Romero; la coordinadora de la Licenciatura en M\u00e9dico Cirujano, Mar\u00eda Luisa Pimentel Ram\u00edrez; integrantes del Gabinete Universitario y del Colegio de Directores; as\u00ed como la comunidad universitaria.<\/p>\n","protected":false},"excerpt":{"rendered":"<p>El rector Carlos Eduardo Barrera D\u00edaz destac\u00f3 que esta acreditaci\u00f3n ampliar\u00e1 las posibilidades de establecer convenios de colaboraci\u00f3n internacionales que brindar\u00e1n la oportunidad de estudiar programas de posgrado en otros pa\u00edses. La Licenciatura en M\u00e9dico Cirujano de la Facultad de Medicina de la Universidad Aut\u00f3noma del Estado de M\u00e9xico (UAEM\u00e9x) fue reconocida por parte del [&hellip;]<\/p>\n","protected":false},"author":1,"featured_media":63212,"comment_status":"closed","ping_status":"closed","sticky":false,"template":"","format":"standard","meta":{"footnotes":""},"categories":[30,36],"tags":[],"class_list":["post-63211","post","type-post","status-publish","format-standard","has-post-thumbnail","hentry","category-destacado","category-edomex"],"_links":{"self":[{"href":"https:\/\/elinformante.mx\/index.php?rest_route=\/wp\/v2\/posts\/63211","targetHints":{"allow":["GET"]}}],"collection":[{"href":"https:\/\/elinformante.mx\/index.php?rest_route=\/wp\/v2\/posts"}],"about":[{"href":"https:\/\/elinformante.mx\/index.php?rest_route=\/wp\/v2\/types\/post"}],"author":[{"embeddable":true,"href":"https:\/\/elinformante.mx\/index.php?rest_route=\/wp\/v2\/users\/1"}],"replies":[{"embeddable":true,"href":"https:\/\/elinformante.mx\/index.php?rest_route=%2Fwp%2Fv2%2Fcomments&post=63211"}],"version-history":[{"count":0,"href":"https:\/\/elinformante.mx\/index.php?rest_route=\/wp\/v2\/posts\/63211\/revisions"}],"wp:featuredmedia":[{"embeddable":true,"href":"https:\/\/elinformante.mx\/index.php?rest_route=\/wp\/v2\/media\/63212"}],"wp:attachment":[{"href":"https:\/\/elinformante.mx\/index.php?rest_route=%2Fwp%2Fv2%2Fmedia&parent=63211"}],"wp:term":[{"taxonomy":"category","embeddable":true,"href":"https:\/\/elinformante.mx\/index.php?rest_route=%2Fwp%2Fv2%2Fcategories&post=63211"},{"taxonomy":"post_tag","embeddable":true,"href":"https:\/\/elinformante.mx\/index.php?rest_route=%2Fwp%2Fv2%2Ftags&post=63211"}],"curies":[{"name":"wp","href":"https:\/\/api.w.org\/{rel}","templated":true}]}}