{"id":63222,"date":"2024-09-04T06:46:10","date_gmt":"2024-09-04T12:46:10","guid":{"rendered":"https:\/\/elinformante.mx\/?p=63222"},"modified":"2024-09-04T06:46:11","modified_gmt":"2024-09-04T12:46:11","slug":"firma-secretaria-del-trabajo-convenios-a-favor-de-la-conciliacion-laboral-en-edomex","status":"publish","type":"post","link":"https:\/\/elinformante.mx\/?p=63222","title":{"rendered":"Firma Secretar\u00eda del Trabajo convenios a favor de la conciliaci\u00f3n laboral en Edom\u00e9x"},"content":{"rendered":"\n<blockquote class=\"wp-block-quote is-layout-flow wp-block-quote-is-layout-flow\">\n<p>Establece convenio con el Colegio de Abogados Laboralistas para mejorar la capacitaci\u00f3n y ofrecer formaci\u00f3n acad\u00e9mica en derecho laboral.<\/p>\n<\/blockquote>\n\n\n\n<p>En el marco de la \u201cGran Cruzada por la Conciliaci\u00f3n Laboral en el Estado de M\u00e9xico\u201d, la Secretar\u00eda del Trabajo, en seguimiento a las indicaciones de la Gobernadora Delfina G\u00f3mez \u00c1lvarez de priorizar el bienestar de las y los mexiquenses de la clase trabajadora, emite acciones que favorecen las conciliaciones laborales, lo cual permitir\u00e1 reducir la cantidad de laudos atrasados en diversas instituciones en el Estado.<br><\/p>\n\n\n\n<p>En las oficinas de la Secretar\u00eda del Trabajo se llev\u00f3 a cabo la firma de dos convenios de colaboraci\u00f3n cuyo objetivo es dar los causes legales y administrativos necesarios para concluir los laudos laborales vigentes, tanto con la Universidad Mexiquense del Bicentenario, representada por su Rector H\u00e9ctor Javier Ray\u00f3n Mart\u00ednez, y con el Colegio de Estudios Cient\u00edficos y Tecnol\u00f3gicos del Estado de M\u00e9xico (CECyTEM), presidido por su Director General, Joel Cruz Canseco.<br><\/p>\n\n\n\n<p>Ambos convenios tienen como principal funci\u00f3n erradicar la corrupci\u00f3n de administraciones anteriores y compactar lo m\u00e1s posible el tiempo con la intenci\u00f3n de que los juicios a\u00f1ejos sin resolver se agoten lo m\u00e1s pronto posible.<br><\/p>\n\n\n\n<figure class=\"wp-block-image size-large\"><img fetchpriority=\"high\" decoding=\"async\" width=\"1024\" height=\"503\" src=\"https:\/\/elinformante.mx\/wp-content\/uploads\/2024\/09\/11firma-2-1024x503.jpg\" alt=\"\" class=\"wp-image-63224\" srcset=\"https:\/\/elinformante.mx\/wp-content\/uploads\/2024\/09\/11firma-2-1024x503.jpg 1024w, https:\/\/elinformante.mx\/wp-content\/uploads\/2024\/09\/11firma-2-300x147.jpg 300w, https:\/\/elinformante.mx\/wp-content\/uploads\/2024\/09\/11firma-2-768x377.jpg 768w, https:\/\/elinformante.mx\/wp-content\/uploads\/2024\/09\/11firma-2-580x285.jpg 580w, https:\/\/elinformante.mx\/wp-content\/uploads\/2024\/09\/11firma-2-860x422.jpg 860w, https:\/\/elinformante.mx\/wp-content\/uploads\/2024\/09\/11firma-2.jpg 1140w\" sizes=\"(max-width: 1024px) 100vw, 1024px\" \/><\/figure>\n\n\n\n<p>\u201cEsta administraci\u00f3n s\u00ed est\u00e1 dispuesta a hacer los esfuerzos que sean necesarios para ser una Secretar\u00eda m\u00e1s eficiente, que se ocupe de ver a favor de las y los trabajadores mexiquenses. No olvidemos que trabajamos por y para ellos y que en alg\u00fan momento fueron incluso compa\u00f1eros nuestros, que merecen el pleno cumplimiento de sus derechos laborales\u201d, destac\u00f3 Norberto Morales Poblete, Secretario del Trabajo.<br><\/p>\n\n\n\n<p>Asimismo, para realizar jornadas de capacitaci\u00f3n laboral permanente entre el \u201cCentro de Capacitaci\u00f3n y Certificaci\u00f3n Profesional CCCP HARCON, S.A.S. de C.V.\u201d y la Secretar\u00eda del Trabajo del Gobierno del Estado de M\u00e9xico, se realiz\u00f3 la Firma de Convenio de Colaboraci\u00f3n con el Colegio de Abogados Laboralistas del Estado de M\u00e9xico, encabezado por Hugo Arriaga Estrada, Presidente del Colegio de Abogados Laboralistas del Estado de M\u00e9xico.<br><\/p>\n\n\n\n<p>Este convenio tiene tambi\u00e9n la intenci\u00f3n de establecer estrategias coordinadas de acuerdo con sus respectivas competencias, a efecto de desarrollar actividades acad\u00e9micas y cient\u00edficas; adem\u00e1s de prestar servicios educativos de licenciatura, maestr\u00edas, doctorados, especialidades, diplomados, conferencias, coloquios, cursos y talleres en las ciencias jur\u00eddicas, pedag\u00f3gicas y periciales.<\/p>\n","protected":false},"excerpt":{"rendered":"<p>Establece convenio con el Colegio de Abogados Laboralistas para mejorar la capacitaci\u00f3n y ofrecer formaci\u00f3n acad\u00e9mica en derecho laboral. En el marco de la \u201cGran Cruzada por la Conciliaci\u00f3n Laboral en el Estado de M\u00e9xico\u201d, la Secretar\u00eda del Trabajo, en seguimiento a las indicaciones de la Gobernadora Delfina G\u00f3mez \u00c1lvarez de priorizar el bienestar de [&hellip;]<\/p>\n","protected":false},"author":1,"featured_media":63223,"comment_status":"closed","ping_status":"closed","sticky":false,"template":"","format":"standard","meta":{"footnotes":""},"categories":[36],"tags":[],"class_list":["post-63222","post","type-post","status-publish","format-standard","has-post-thumbnail","hentry","category-edomex"],"_links":{"self":[{"href":"https:\/\/elinformante.mx\/index.php?rest_route=\/wp\/v2\/posts\/63222","targetHints":{"allow":["GET"]}}],"collection":[{"href":"https:\/\/elinformante.mx\/index.php?rest_route=\/wp\/v2\/posts"}],"about":[{"href":"https:\/\/elinformante.mx\/index.php?rest_route=\/wp\/v2\/types\/post"}],"author":[{"embeddable":true,"href":"https:\/\/elinformante.mx\/index.php?rest_route=\/wp\/v2\/users\/1"}],"replies":[{"embeddable":true,"href":"https:\/\/elinformante.mx\/index.php?rest_route=%2Fwp%2Fv2%2Fcomments&post=63222"}],"version-history":[{"count":0,"href":"https:\/\/elinformante.mx\/index.php?rest_route=\/wp\/v2\/posts\/63222\/revisions"}],"wp:featuredmedia":[{"embeddable":true,"href":"https:\/\/elinformante.mx\/index.php?rest_route=\/wp\/v2\/media\/63223"}],"wp:attachment":[{"href":"https:\/\/elinformante.mx\/index.php?rest_route=%2Fwp%2Fv2%2Fmedia&parent=63222"}],"wp:term":[{"taxonomy":"category","embeddable":true,"href":"https:\/\/elinformante.mx\/index.php?rest_route=%2Fwp%2Fv2%2Fcategories&post=63222"},{"taxonomy":"post_tag","embeddable":true,"href":"https:\/\/elinformante.mx\/index.php?rest_route=%2Fwp%2Fv2%2Ftags&post=63222"}],"curies":[{"name":"wp","href":"https:\/\/api.w.org\/{rel}","templated":true}]}}