{"id":63226,"date":"2024-09-04T06:50:24","date_gmt":"2024-09-04T12:50:24","guid":{"rendered":"https:\/\/elinformante.mx\/?p=63226"},"modified":"2024-09-04T06:50:25","modified_gmt":"2024-09-04T12:50:25","slug":"celebran-23-anos-de-la-utvt-en-lerma-con-nueva-infraestructura","status":"publish","type":"post","link":"https:\/\/elinformante.mx\/?p=63226","title":{"rendered":"Celebran 23 a\u00f1os de la UTVT en Lerma con nueva infraestructura"},"content":{"rendered":"\n<blockquote class=\"wp-block-quote is-layout-flow wp-block-quote-is-layout-flow\">\n<p>El presidente municipal de Lerma, Miguel \u00c1ngel Ram\u00edrez Ponce, realiz\u00f3 la entrega oficial de un andador, ubicado frente a la Universidad Tecnol\u00f3gica del Valle de Toluca en Santa Mar\u00eda Atarasquillo, Lerma.<\/p>\n<\/blockquote>\n\n\n\n<p>Para festejar el 23 aniversario de la Universidad Tecnol\u00f3gica del Valle de Toluca y ante la presencia de Jorge Bernaldez Garc\u00eda, rector de la UTVT y de Juvenal Vargas Mu\u00f1oz, director General de Educaci\u00f3n Superior del Estado de M\u00e9xico, el alcalde Miguel \u00c1ngel Ram\u00edrez Ponce destac\u00f3 la importancia de contar con una instituci\u00f3n de calidad educativa en el municipio de Lerma.<br><\/p>\n\n\n\n<figure class=\"wp-block-image size-large\"><img fetchpriority=\"high\" decoding=\"async\" width=\"1024\" height=\"503\" src=\"https:\/\/elinformante.mx\/wp-content\/uploads\/2024\/09\/11lerma-2-1024x503.jpg\" alt=\"\" class=\"wp-image-63228\" srcset=\"https:\/\/elinformante.mx\/wp-content\/uploads\/2024\/09\/11lerma-2-1024x503.jpg 1024w, https:\/\/elinformante.mx\/wp-content\/uploads\/2024\/09\/11lerma-2-300x147.jpg 300w, https:\/\/elinformante.mx\/wp-content\/uploads\/2024\/09\/11lerma-2-768x377.jpg 768w, https:\/\/elinformante.mx\/wp-content\/uploads\/2024\/09\/11lerma-2-580x285.jpg 580w, https:\/\/elinformante.mx\/wp-content\/uploads\/2024\/09\/11lerma-2-860x422.jpg 860w, https:\/\/elinformante.mx\/wp-content\/uploads\/2024\/09\/11lerma-2.jpg 1140w\" sizes=\"(max-width: 1024px) 100vw, 1024px\" \/><\/figure>\n\n\n\n<p>Se\u00f1al\u00f3 que en esta instituci\u00f3n se ha convertido en un semillero de grandes profesionistas que ponen en alto el nombre de Lerma, son 23 a\u00f1os de vida institucional y qu\u00e9 mejor que celebrarlo con la inauguraci\u00f3n de esta obra, que contribuye al mejoramiento de los espacios p\u00fablicos y de la imagen urbana de esta universidad.<br><\/p>\n\n\n\n<p>Luego del corte inaugural y develaci\u00f3n de la placa conmemorativa, autoridades educativas y alumnos en general, reconocieron el compromiso del gobierno municipal por apoyar en el mejoramiento de la infraestructura educativa, a lo largo y ancho de las 8 regiones, beneficiando a las m\u00e1s de 5 mil 300 personas que integran la comunidad universitaria.<\/p>\n","protected":false},"excerpt":{"rendered":"<p>El presidente municipal de Lerma, Miguel \u00c1ngel Ram\u00edrez Ponce, realiz\u00f3 la entrega oficial de un andador, ubicado frente a la Universidad Tecnol\u00f3gica del Valle de Toluca en Santa Mar\u00eda Atarasquillo, Lerma. Para festejar el 23 aniversario de la Universidad Tecnol\u00f3gica del Valle de Toluca y ante la presencia de Jorge Bernaldez Garc\u00eda, rector de la [&hellip;]<\/p>\n","protected":false},"author":1,"featured_media":63227,"comment_status":"closed","ping_status":"closed","sticky":false,"template":"","format":"standard","meta":{"footnotes":""},"categories":[30,36],"tags":[],"class_list":["post-63226","post","type-post","status-publish","format-standard","has-post-thumbnail","hentry","category-destacado","category-edomex"],"_links":{"self":[{"href":"https:\/\/elinformante.mx\/index.php?rest_route=\/wp\/v2\/posts\/63226","targetHints":{"allow":["GET"]}}],"collection":[{"href":"https:\/\/elinformante.mx\/index.php?rest_route=\/wp\/v2\/posts"}],"about":[{"href":"https:\/\/elinformante.mx\/index.php?rest_route=\/wp\/v2\/types\/post"}],"author":[{"embeddable":true,"href":"https:\/\/elinformante.mx\/index.php?rest_route=\/wp\/v2\/users\/1"}],"replies":[{"embeddable":true,"href":"https:\/\/elinformante.mx\/index.php?rest_route=%2Fwp%2Fv2%2Fcomments&post=63226"}],"version-history":[{"count":0,"href":"https:\/\/elinformante.mx\/index.php?rest_route=\/wp\/v2\/posts\/63226\/revisions"}],"wp:featuredmedia":[{"embeddable":true,"href":"https:\/\/elinformante.mx\/index.php?rest_route=\/wp\/v2\/media\/63227"}],"wp:attachment":[{"href":"https:\/\/elinformante.mx\/index.php?rest_route=%2Fwp%2Fv2%2Fmedia&parent=63226"}],"wp:term":[{"taxonomy":"category","embeddable":true,"href":"https:\/\/elinformante.mx\/index.php?rest_route=%2Fwp%2Fv2%2Fcategories&post=63226"},{"taxonomy":"post_tag","embeddable":true,"href":"https:\/\/elinformante.mx\/index.php?rest_route=%2Fwp%2Fv2%2Ftags&post=63226"}],"curies":[{"name":"wp","href":"https:\/\/api.w.org\/{rel}","templated":true}]}}