{"id":63230,"date":"2024-09-04T06:53:38","date_gmt":"2024-09-04T12:53:38","guid":{"rendered":"https:\/\/elinformante.mx\/?p=63230"},"modified":"2024-09-04T06:53:39","modified_gmt":"2024-09-04T12:53:39","slug":"gem-impulsa-la-politica-social-y-de-bienestar-como-eje-central-de-la-agenda-legislativa-horacio-duarte","status":"publish","type":"post","link":"https:\/\/elinformante.mx\/?p=63230","title":{"rendered":"GEM impulsa la pol\u00edtica social y de bienestar como eje central de la Agenda Legislativa: Horacio Duarte"},"content":{"rendered":"\n<blockquote class=\"wp-block-quote is-layout-flow wp-block-quote-is-layout-flow\">\n<p>El acercamiento con el Poder Legislativo es una b\u00fasqueda de encontrar sinergia para los temas que le conciernen a la poblaci\u00f3n mexiquense, inform\u00f3 Horacio Duarte Olivares, Secretario General de Gobierno.<\/p>\n<\/blockquote>\n\n\n\n<p>El Gobierno del Estado de M\u00e9xico, mantendr\u00e1 la pol\u00edtica social y de bienestar como eje de las definiciones con la pr\u00f3xima LXII Legislatura mexiquense.<br><\/p>\n\n\n\n<p>\u201cHoy les presentamos a los compa\u00f1eros legisladores lo que tenemos en la agenda, un n\u00famero muy importante de iniciativas, algunas leyes completas, algunas reformas, algunas adecuaciones\u201d, detall\u00f3 en nombre de la Gobernadora Delfina G\u00f3mez \u00c1lvarez, Horacio Duarte Olivares, Secretario General del Gobierno estatal en la Primera Reuni\u00f3n Plenaria del Grupo Parlamentario Morena del Congreso mexiquense.<br><\/p>\n\n\n\n<p>En la reuni\u00f3n, encabezada por Francisco V\u00e1zquez Rodr\u00edguez, Coordinador de la bancada de Morena y Maurilio Hern\u00e1ndez Gonz\u00e1lez, pr\u00f3ximo Presidente de la C\u00e1mara, Horacio Duarte Olivares, Secretario General de Gobierno inform\u00f3 que el Ejecutivo enviar\u00e1 100 iniciativas de gran calado para ser analizadas en el primer a\u00f1o de ejercicio de la LXII Legislatura.<br><\/p>\n\n\n\n<p>En ese sentido, puntualiz\u00f3 que en la Agenda Legislativa se plantear\u00e1n temas de la agenda p\u00fablica como combate a la corrupci\u00f3n, seguridad y agua, as\u00ed como el presupuesto, pues se revisar\u00e1 que los proyectos tengan los recursos suficientes para realizarse.<br><\/p>\n\n\n\n<p>Adem\u00e1s, Horacio Duarte Olivares, Secretario General de Gobierno, explic\u00f3 que el acercamiento con el Poder Legislativo es una b\u00fasqueda de encontrar sinergia para los pr\u00f3ximos dos periodos extraordinarios de sesiones en los temas que le conciernen a la poblaci\u00f3n mexiquense.<br><\/p>\n\n\n\n<p>\u201cCon todos los grupos parlamentarios queremos que haya una relaci\u00f3n tersa, de mucha comunicaci\u00f3n, de mucha claridad, a la Secretar\u00eda General de Gobierno le toca esa relaci\u00f3n, as\u00ed lo hemos hecho ya pr\u00e1cticamente con quienes son nombrados coordinadores parlamentarios\u201d, se\u00f1al\u00f3 Horacio Duarte Olivares, Secretario General de Gobierno.<br><\/p>\n\n\n\n<p>El Diputado Francisco V\u00e1zquez Rodr\u00edguez resalt\u00f3 la unidad y el trabajo que las diputadas y los diputados mexiquenses en la legislatura entrante deben mantener para lograr el impulso de las leyes, iniciativas y reformas que pide la poblaci\u00f3n de la entidad.<\/p>\n","protected":false},"excerpt":{"rendered":"<p>El acercamiento con el Poder Legislativo es una b\u00fasqueda de encontrar sinergia para los temas que le conciernen a la poblaci\u00f3n mexiquense, inform\u00f3 Horacio Duarte Olivares, Secretario General de Gobierno. El Gobierno del Estado de M\u00e9xico, mantendr\u00e1 la pol\u00edtica social y de bienestar como eje de las definiciones con la pr\u00f3xima LXII Legislatura mexiquense. \u201cHoy [&hellip;]<\/p>\n","protected":false},"author":1,"featured_media":63231,"comment_status":"closed","ping_status":"closed","sticky":false,"template":"","format":"standard","meta":{"footnotes":""},"categories":[36],"tags":[],"class_list":["post-63230","post","type-post","status-publish","format-standard","has-post-thumbnail","hentry","category-edomex"],"_links":{"self":[{"href":"https:\/\/elinformante.mx\/index.php?rest_route=\/wp\/v2\/posts\/63230","targetHints":{"allow":["GET"]}}],"collection":[{"href":"https:\/\/elinformante.mx\/index.php?rest_route=\/wp\/v2\/posts"}],"about":[{"href":"https:\/\/elinformante.mx\/index.php?rest_route=\/wp\/v2\/types\/post"}],"author":[{"embeddable":true,"href":"https:\/\/elinformante.mx\/index.php?rest_route=\/wp\/v2\/users\/1"}],"replies":[{"embeddable":true,"href":"https:\/\/elinformante.mx\/index.php?rest_route=%2Fwp%2Fv2%2Fcomments&post=63230"}],"version-history":[{"count":0,"href":"https:\/\/elinformante.mx\/index.php?rest_route=\/wp\/v2\/posts\/63230\/revisions"}],"wp:featuredmedia":[{"embeddable":true,"href":"https:\/\/elinformante.mx\/index.php?rest_route=\/wp\/v2\/media\/63231"}],"wp:attachment":[{"href":"https:\/\/elinformante.mx\/index.php?rest_route=%2Fwp%2Fv2%2Fmedia&parent=63230"}],"wp:term":[{"taxonomy":"category","embeddable":true,"href":"https:\/\/elinformante.mx\/index.php?rest_route=%2Fwp%2Fv2%2Fcategories&post=63230"},{"taxonomy":"post_tag","embeddable":true,"href":"https:\/\/elinformante.mx\/index.php?rest_route=%2Fwp%2Fv2%2Ftags&post=63230"}],"curies":[{"name":"wp","href":"https:\/\/api.w.org\/{rel}","templated":true}]}}