{"id":63233,"date":"2024-09-04T07:00:30","date_gmt":"2024-09-04T13:00:30","guid":{"rendered":"https:\/\/elinformante.mx\/?p=63233"},"modified":"2024-09-04T07:00:32","modified_gmt":"2024-09-04T13:00:32","slug":"agosto-el-mes-mas-seguro-en-el-edomex-gracias-a-estrategias-de-seguridad-delfina-gomez","status":"publish","type":"post","link":"https:\/\/elinformante.mx\/?p=63233","title":{"rendered":"Agosto el mes m\u00e1s seguro en el Edom\u00e9x gracias a estrategias de seguridad: Delfina G\u00f3mez"},"content":{"rendered":"\n<blockquote class=\"wp-block-quote is-layout-flow wp-block-quote-is-layout-flow\">\n<p>En el estado se registraron el menor n\u00famero de v\u00edctimas de homicidios durante el a\u00f1o y una baja del 13 por ciento con respecto al mismo mes en 2023.<\/p>\n<\/blockquote>\n\n\n\n<p>En el marco de la Mesa de Coordinaci\u00f3n para la Construcci\u00f3n de la Paz, que encabeza la Gobernadora del Estado de M\u00e9xico, Delfina G\u00f3mez \u00c1lvarez, la Fiscal\u00eda General de Justicia del Estado de M\u00e9xico (FGJEM) dio a conocer que agosto registr\u00f3 el menor n\u00famero de homicidios dolosos del a\u00f1o (175), es decir, una baja del 13 por ciento con respecto al mismo mes en 2023 (201).<br><\/p>\n\n\n\n<p>\u201cEn el Palacio de Gobierno presid\u00ed la Mesa de Coordinaci\u00f3n para la Construcci\u00f3n de la Paz. Con informaci\u00f3n compartida por la fiscal\u00eda, agosto fue el mes con menos v\u00edctimas de homicidio doloso, resultado de la estrategia que hemos realizado los tres \u00f3rdenes de gobierno\u201d, se\u00f1al\u00f3 la Gobernadora Delfina G\u00f3mez \u00c1lvarez en sus redes sociales.<br><\/p>\n\n\n\n<figure class=\"wp-block-image size-large\"><img fetchpriority=\"high\" decoding=\"async\" width=\"1024\" height=\"503\" src=\"https:\/\/elinformante.mx\/wp-content\/uploads\/2024\/09\/7agosto-2-1024x503.jpg\" alt=\"\" class=\"wp-image-63235\" srcset=\"https:\/\/elinformante.mx\/wp-content\/uploads\/2024\/09\/7agosto-2-1024x503.jpg 1024w, https:\/\/elinformante.mx\/wp-content\/uploads\/2024\/09\/7agosto-2-300x147.jpg 300w, https:\/\/elinformante.mx\/wp-content\/uploads\/2024\/09\/7agosto-2-768x377.jpg 768w, https:\/\/elinformante.mx\/wp-content\/uploads\/2024\/09\/7agosto-2-580x285.jpg 580w, https:\/\/elinformante.mx\/wp-content\/uploads\/2024\/09\/7agosto-2-860x422.jpg 860w, https:\/\/elinformante.mx\/wp-content\/uploads\/2024\/09\/7agosto-2.jpg 1140w\" sizes=\"(max-width: 1024px) 100vw, 1024px\" \/><\/figure>\n\n\n\n<p>De acuerdo con el mismo an\u00e1lisis presentado por la FGJEM, de enero a agosto de 2024, el n\u00famero de v\u00edctimas relacionados con este delito disminuy\u00f3 en 215, es decir 12.12 por ciento, respecto al mismo periodo en 2023.<br><\/p>\n\n\n\n<p>En esta sesi\u00f3n, la Gobernadora Delfina G\u00f3mez \u00c1lvarez dio seguimiento a las acciones de apoyo a las familias de Tejupilco, as\u00ed como a la aplicaci\u00f3n del Plan DN-III en este municipio a donde se trasladaron 350 personas y elementos del Ej\u00e9rcito Mexicano, Guardia Nacional, Secretar\u00edas de Seguridad, Bienestar, Salud, Comisi\u00f3n de Agua del Estado de M\u00e9xico (CAEM) y la instalaci\u00f3n de dos m\u00f3dulos de atenci\u00f3n m\u00e9dica y vacunaci\u00f3n.<\/p>\n","protected":false},"excerpt":{"rendered":"<p>En el estado se registraron el menor n\u00famero de v\u00edctimas de homicidios durante el a\u00f1o y una baja del 13 por ciento con respecto al mismo mes en 2023. En el marco de la Mesa de Coordinaci\u00f3n para la Construcci\u00f3n de la Paz, que encabeza la Gobernadora del Estado de M\u00e9xico, Delfina G\u00f3mez \u00c1lvarez, la [&hellip;]<\/p>\n","protected":false},"author":1,"featured_media":63234,"comment_status":"closed","ping_status":"closed","sticky":false,"template":"","format":"standard","meta":{"footnotes":""},"categories":[30,36],"tags":[],"class_list":["post-63233","post","type-post","status-publish","format-standard","has-post-thumbnail","hentry","category-destacado","category-edomex"],"_links":{"self":[{"href":"https:\/\/elinformante.mx\/index.php?rest_route=\/wp\/v2\/posts\/63233","targetHints":{"allow":["GET"]}}],"collection":[{"href":"https:\/\/elinformante.mx\/index.php?rest_route=\/wp\/v2\/posts"}],"about":[{"href":"https:\/\/elinformante.mx\/index.php?rest_route=\/wp\/v2\/types\/post"}],"author":[{"embeddable":true,"href":"https:\/\/elinformante.mx\/index.php?rest_route=\/wp\/v2\/users\/1"}],"replies":[{"embeddable":true,"href":"https:\/\/elinformante.mx\/index.php?rest_route=%2Fwp%2Fv2%2Fcomments&post=63233"}],"version-history":[{"count":0,"href":"https:\/\/elinformante.mx\/index.php?rest_route=\/wp\/v2\/posts\/63233\/revisions"}],"wp:featuredmedia":[{"embeddable":true,"href":"https:\/\/elinformante.mx\/index.php?rest_route=\/wp\/v2\/media\/63234"}],"wp:attachment":[{"href":"https:\/\/elinformante.mx\/index.php?rest_route=%2Fwp%2Fv2%2Fmedia&parent=63233"}],"wp:term":[{"taxonomy":"category","embeddable":true,"href":"https:\/\/elinformante.mx\/index.php?rest_route=%2Fwp%2Fv2%2Fcategories&post=63233"},{"taxonomy":"post_tag","embeddable":true,"href":"https:\/\/elinformante.mx\/index.php?rest_route=%2Fwp%2Fv2%2Ftags&post=63233"}],"curies":[{"name":"wp","href":"https:\/\/api.w.org\/{rel}","templated":true}]}}