{"id":63248,"date":"2024-09-04T07:15:49","date_gmt":"2024-09-04T13:15:49","guid":{"rendered":"https:\/\/elinformante.mx\/?p=63248"},"modified":"2024-09-04T07:15:51","modified_gmt":"2024-09-04T13:15:51","slug":"xochimilco-aplicara-ley-seca-por-fiestas-patrias","status":"publish","type":"post","link":"https:\/\/elinformante.mx\/?p=63248","title":{"rendered":"Xochimilco aplicar\u00e1 Ley Seca por fiestas patrias"},"content":{"rendered":"\n<blockquote class=\"wp-block-quote is-layout-flow wp-block-quote-is-layout-flow\">\n<p>Fue la primera alcald\u00eda en sumarse a suspender toda la venta de alcohol en tiendas y establecimientos, como cheler\u00edas y azulitos<\/p>\n<\/blockquote>\n\n\n\n<p>Con motivo de las fiestas patrias en la Ciudad de M\u00e9xico algunas alcald\u00edas implementar\u00e1n la Ley Seca, por lo que prev\u00e9n suspender toda la venta de alcohol en tiendas y establecimientos, como cheler\u00edas y azulitos.<br><\/p>\n\n\n\n<p>Algunas demarcaciones han informado de la suspensi\u00f3n de actividades para vender bebidas alcoh\u00f3licas con el objetivo de mantener en saldo blanco los festejos patrios.<br><\/p>\n\n\n\n<p>Se ha informado que en la alcald\u00eda Xochimilco la suspensi\u00f3n de actividades para la venta de bebidas alcoh\u00f3licas en todas sus graduaciones se aplicar\u00e1n de las 00:00 horas y hasta las 23:59 horas.<br><\/p>\n\n\n\n<p>Dicha suspensi\u00f3n se aplica para los d\u00edas 15 y 16 de septiembre de 2024 para establecimientos que operen bajo lineamientos de vinater\u00edas, tiendas de abarrotes, supermercados con licencia para venta de vinos y licores, tiendas de autoservicio, tiendas departamentales y en cualquier otro establecimiento mercantil similar.<br><\/p>\n\n\n\n<figure class=\"wp-block-image size-large\"><img fetchpriority=\"high\" decoding=\"async\" width=\"1024\" height=\"503\" src=\"https:\/\/elinformante.mx\/wp-content\/uploads\/2024\/09\/6xochimilco-2-1024x503.jpg\" alt=\"\" class=\"wp-image-63250\" srcset=\"https:\/\/elinformante.mx\/wp-content\/uploads\/2024\/09\/6xochimilco-2-1024x503.jpg 1024w, https:\/\/elinformante.mx\/wp-content\/uploads\/2024\/09\/6xochimilco-2-300x147.jpg 300w, https:\/\/elinformante.mx\/wp-content\/uploads\/2024\/09\/6xochimilco-2-768x377.jpg 768w, https:\/\/elinformante.mx\/wp-content\/uploads\/2024\/09\/6xochimilco-2-580x285.jpg 580w, https:\/\/elinformante.mx\/wp-content\/uploads\/2024\/09\/6xochimilco-2-860x422.jpg 860w, https:\/\/elinformante.mx\/wp-content\/uploads\/2024\/09\/6xochimilco-2.jpg 1140w\" sizes=\"(max-width: 1024px) 100vw, 1024px\" \/><\/figure>\n\n\n\n<p>Sin embargo, la aplicaci\u00f3n de la Ley Seca en Xochimilco exime a algunos locales comerciales en barrios y pueblos que celebran fiestas patronales entre el 5 y 16 de septiembre, los cuales son:<br><\/p>\n\n\n\n<p>Barrio Xaltocan, Pueblo de Santa Mar\u00eda Nativitas, Pueblo San Mateo Xalpa, Barrio Tetitla y Pueblo Santa Cruz Acalpixca y por \u00faltimo Pueblo San Gregorio Atlapulco.<br><\/p>\n\n\n\n<p>Cabe se\u00f1alar que el acuerdo \u00fanicamente exime a establecimientos mercantiles con giro de impacto vecinal y zonal que expendan alimentos preparados, autorizados para la venta de bebidas alcoh\u00f3licas al copeo, solamente durante el horario y en la zona que les permite su permiso.<br><\/p>\n\n\n\n<p>Advierte a todos los ciudadanos a acatar el ordenamiento, por lo que se dio a conocer que quien no cumpla con lo establecido ser\u00e1 sancionado por las autoridades competentes.<\/p>\n","protected":false},"excerpt":{"rendered":"<p>Fue la primera alcald\u00eda en sumarse a suspender toda la venta de alcohol en tiendas y establecimientos, como cheler\u00edas y azulitos Con motivo de las fiestas patrias en la Ciudad de M\u00e9xico algunas alcald\u00edas implementar\u00e1n la Ley Seca, por lo que prev\u00e9n suspender toda la venta de alcohol en tiendas y establecimientos, como cheler\u00edas y [&hellip;]<\/p>\n","protected":false},"author":1,"featured_media":63249,"comment_status":"closed","ping_status":"closed","sticky":false,"template":"","format":"standard","meta":{"footnotes":""},"categories":[35],"tags":[],"class_list":["post-63248","post","type-post","status-publish","format-standard","has-post-thumbnail","hentry","category-cdmx"],"_links":{"self":[{"href":"https:\/\/elinformante.mx\/index.php?rest_route=\/wp\/v2\/posts\/63248","targetHints":{"allow":["GET"]}}],"collection":[{"href":"https:\/\/elinformante.mx\/index.php?rest_route=\/wp\/v2\/posts"}],"about":[{"href":"https:\/\/elinformante.mx\/index.php?rest_route=\/wp\/v2\/types\/post"}],"author":[{"embeddable":true,"href":"https:\/\/elinformante.mx\/index.php?rest_route=\/wp\/v2\/users\/1"}],"replies":[{"embeddable":true,"href":"https:\/\/elinformante.mx\/index.php?rest_route=%2Fwp%2Fv2%2Fcomments&post=63248"}],"version-history":[{"count":0,"href":"https:\/\/elinformante.mx\/index.php?rest_route=\/wp\/v2\/posts\/63248\/revisions"}],"wp:featuredmedia":[{"embeddable":true,"href":"https:\/\/elinformante.mx\/index.php?rest_route=\/wp\/v2\/media\/63249"}],"wp:attachment":[{"href":"https:\/\/elinformante.mx\/index.php?rest_route=%2Fwp%2Fv2%2Fmedia&parent=63248"}],"wp:term":[{"taxonomy":"category","embeddable":true,"href":"https:\/\/elinformante.mx\/index.php?rest_route=%2Fwp%2Fv2%2Fcategories&post=63248"},{"taxonomy":"post_tag","embeddable":true,"href":"https:\/\/elinformante.mx\/index.php?rest_route=%2Fwp%2Fv2%2Ftags&post=63248"}],"curies":[{"name":"wp","href":"https:\/\/api.w.org\/{rel}","templated":true}]}}