{"id":63258,"date":"2024-09-04T07:25:05","date_gmt":"2024-09-04T13:25:05","guid":{"rendered":"https:\/\/elinformante.mx\/?p=63258"},"modified":"2024-09-04T07:25:06","modified_gmt":"2024-09-04T13:25:06","slug":"marti-batres-asiste-al-cierre-del-ciclo-de-fandango-por-la-lectura-cuarta-transformacion","status":"publish","type":"post","link":"https:\/\/elinformante.mx\/?p=63258","title":{"rendered":"Mart\u00ed Batres asiste al cierre del ciclo de Fandango por la Lectura \u201cCuarta Transformaci\u00f3n\u201d"},"content":{"rendered":"\n<blockquote class=\"wp-block-quote is-layout-flow wp-block-quote-is-layout-flow\">\n<p>Dicha actividad ha sido promovida por la doctora Beatriz Guti\u00e9rrez M\u00fcller.<\/p>\n<\/blockquote>\n\n\n\n<p>El Jefe de Gobierno, Mart\u00ed Batres Guadarrama, asisti\u00f3 a Fandango por la Lectura \u201cCuarta Transformaci\u00f3n\u201d, proyecto de promoci\u00f3n lectora impulsado por la doctora Beatriz Guti\u00e9rrez M\u00fcller, que consiste en la realizaci\u00f3n de eventos culturales en escuelas secundarias del pa\u00eds, con el fin de fomentar la lectura como una actividad l\u00fadica, gozosa y, sobre todo, de transformaci\u00f3n.<br><\/p>\n\n\n\n<p>Este cierre se celebr\u00f3 en la Escuela Secundaria Diurna 1 \u201cCesar A. Ruiz\u201d, ubicada en el Centro Hist\u00f3rico de la Ciudad de M\u00e9xico, el mandatario capitalino, ante alumnas, alumnos, autoridades escolares e invitados especiales, ley\u00f3 el poema \u201cCon los ojos\u201d, de la autora veracruzana Silvia Tomasa Rivera.<br><\/p>\n\n\n\n<p>Batres agradeci\u00f3 la invitaci\u00f3n de la doctora Beatriz Muller a Fandangos por la Lectura \u201cCuarta Transformaci\u00f3n\u201d, que tienen el objetivo de reivindicar esta actividad de manera divertida, sobre todo de transformaci\u00f3n.<br><\/p>\n\n\n\n<figure class=\"wp-block-image size-large\"><img fetchpriority=\"high\" decoding=\"async\" width=\"1024\" height=\"503\" src=\"https:\/\/elinformante.mx\/wp-content\/uploads\/2024\/09\/5marti-3-1024x503.jpg\" alt=\"\" class=\"wp-image-63260\" srcset=\"https:\/\/elinformante.mx\/wp-content\/uploads\/2024\/09\/5marti-3-1024x503.jpg 1024w, https:\/\/elinformante.mx\/wp-content\/uploads\/2024\/09\/5marti-3-300x147.jpg 300w, https:\/\/elinformante.mx\/wp-content\/uploads\/2024\/09\/5marti-3-768x377.jpg 768w, https:\/\/elinformante.mx\/wp-content\/uploads\/2024\/09\/5marti-3-580x285.jpg 580w, https:\/\/elinformante.mx\/wp-content\/uploads\/2024\/09\/5marti-3-860x422.jpg 860w, https:\/\/elinformante.mx\/wp-content\/uploads\/2024\/09\/5marti-3.jpg 1140w\" sizes=\"(max-width: 1024px) 100vw, 1024px\" \/><\/figure>\n\n\n\n<p>La doctora Beatriz Guti\u00e9rrez M\u00fcller, resalt\u00f3 que con esta jornada concluye el ciclo 2018-2024 de este proyecto que recorri\u00f3 el pa\u00eds entero en el marco de la Estrategia Nacional de Lectura.<br><\/p>\n\n\n\n<p>Guti\u00e9rrez M\u00fcller hizo hincapi\u00e9 en que uno de los prop\u00f3sitos del presidente L\u00f3pez Obrador, es acercar la lectura a j\u00f3venes, algo que se pudo lograr en estos a\u00f1os.<br><\/p>\n\n\n\n<p>El director general del Fondo de Cultura Econ\u00f3mica (FCE), Paco Ignacio Taibo II, celebr\u00f3 los 90 a\u00f1os de creaci\u00f3n de este grupo editorial que trabaja para llevar la lectura a todo el pa\u00eds, as\u00ed como para reducir el costo de los libros y hacerlos m\u00e1s accesibles para la poblaci\u00f3n.<br><\/p>\n\n\n\n<p>Durante el evento, la doctora Beatriz Guti\u00e9rrez M\u00fcller ley\u00f3 \u201cRa\u00edces\u201d, de Yaroslabi Ba\u00f1uelos; la Jefa de Gobierno electa, Clara Brugada Molina ley\u00f3 \u201cSobre la cocina\u201d, de Cristina Bello; la secretaria de Educaci\u00f3n P\u00fablica (SEP), Leticia Ram\u00edrez Amaya, ley\u00f3 \u201cLlamas de un llano que arde\u201d, de Antonio Rodr\u00edguez \u201cFrino\u201d; y el pr\u00f3ximo titular de la SEP, Mario Delgado, ley\u00f3 \u201c\u00bfQui\u00e9n me compra una naranja?\u201d, de Jos\u00e9 Gorostiza.<\/p>\n","protected":false},"excerpt":{"rendered":"<p>Dicha actividad ha sido promovida por la doctora Beatriz Guti\u00e9rrez M\u00fcller. El Jefe de Gobierno, Mart\u00ed Batres Guadarrama, asisti\u00f3 a Fandango por la Lectura \u201cCuarta Transformaci\u00f3n\u201d, proyecto de promoci\u00f3n lectora impulsado por la doctora Beatriz Guti\u00e9rrez M\u00fcller, que consiste en la realizaci\u00f3n de eventos culturales en escuelas secundarias del pa\u00eds, con el fin de fomentar [&hellip;]<\/p>\n","protected":false},"author":1,"featured_media":63259,"comment_status":"closed","ping_status":"closed","sticky":false,"template":"","format":"standard","meta":{"footnotes":""},"categories":[35,30],"tags":[],"class_list":["post-63258","post","type-post","status-publish","format-standard","has-post-thumbnail","hentry","category-cdmx","category-destacado"],"_links":{"self":[{"href":"https:\/\/elinformante.mx\/index.php?rest_route=\/wp\/v2\/posts\/63258","targetHints":{"allow":["GET"]}}],"collection":[{"href":"https:\/\/elinformante.mx\/index.php?rest_route=\/wp\/v2\/posts"}],"about":[{"href":"https:\/\/elinformante.mx\/index.php?rest_route=\/wp\/v2\/types\/post"}],"author":[{"embeddable":true,"href":"https:\/\/elinformante.mx\/index.php?rest_route=\/wp\/v2\/users\/1"}],"replies":[{"embeddable":true,"href":"https:\/\/elinformante.mx\/index.php?rest_route=%2Fwp%2Fv2%2Fcomments&post=63258"}],"version-history":[{"count":0,"href":"https:\/\/elinformante.mx\/index.php?rest_route=\/wp\/v2\/posts\/63258\/revisions"}],"wp:featuredmedia":[{"embeddable":true,"href":"https:\/\/elinformante.mx\/index.php?rest_route=\/wp\/v2\/media\/63259"}],"wp:attachment":[{"href":"https:\/\/elinformante.mx\/index.php?rest_route=%2Fwp%2Fv2%2Fmedia&parent=63258"}],"wp:term":[{"taxonomy":"category","embeddable":true,"href":"https:\/\/elinformante.mx\/index.php?rest_route=%2Fwp%2Fv2%2Fcategories&post=63258"},{"taxonomy":"post_tag","embeddable":true,"href":"https:\/\/elinformante.mx\/index.php?rest_route=%2Fwp%2Fv2%2Ftags&post=63258"}],"curies":[{"name":"wp","href":"https:\/\/api.w.org\/{rel}","templated":true}]}}