{"id":63271,"date":"2024-09-04T07:36:13","date_gmt":"2024-09-04T13:36:13","guid":{"rendered":"https:\/\/elinformante.mx\/?p=63271"},"modified":"2024-09-04T07:36:13","modified_gmt":"2024-09-04T13:36:13","slug":"trabajadores-en-queretaro-se-encuentran-en-condiciones-criticas-de-ocupacion","status":"publish","type":"post","link":"https:\/\/elinformante.mx\/?p=63271","title":{"rendered":"Trabajadores en Quer\u00e9taro se encuentran en condiciones cr\u00edticas de ocupaci\u00f3n"},"content":{"rendered":"\n<blockquote class=\"wp-block-quote is-layout-flow wp-block-quote-is-layout-flow\">\n<p>La poblaci\u00f3n en condiciones cr\u00edticas de ocupaci\u00f3n concentra a las personas que laboran menos de 35 horas por razones de mercado.<\/p>\n<\/blockquote>\n\n\n\n<p>En el segundo trimestre del 2024, la entidad present\u00f3 una Tasa de Condiciones Cr\u00edticas de Ocupaci\u00f3n (TCCO) de 25.2% de la poblaci\u00f3n ocupada.<br><\/p>\n\n\n\n<p>Se trata del porcentaje de personas ocupadas que laboran menos de 35 horas por razones de mercado, as\u00ed como a quienes trabajan de 35 a 48 horas y perciben ingresos inferiores a un salario m\u00ednimo y quienes laboran m\u00e1s de 48 horas semanales ganando de uno a dos salarios m\u00ednimos.<br><\/p>\n\n\n\n<p>En los hombres, las condiciones cr\u00edticas impactaron a 28% de los ocupados, un indicador que estuvo por encima del promedio estatal.<br><\/p>\n\n\n\n<p>Para las mujeres, la tasa de condiciones cr\u00edticas fue de 21.4%, estuvo por debajo del referente general.<br><\/p>\n\n\n\n<p>A nivel estatal, la tasa de condiciones cr\u00edticas de ocupaci\u00f3n aument\u00f3 2 puntos porcentuales respecto al a\u00f1o anterior cuando impact\u00f3 a 23.2% de la poblaci\u00f3n ocupada.<br><\/p>\n\n\n\n<p>Aun cuando de cada cuatro personas ocupadas una est\u00e1 en condiciones cr\u00edticas, la entidad present\u00f3 la s\u00e9ptima TCCO m\u00e1s baja del pa\u00eds, solamente estuvo por debajo de Jalisco (20.7%), de Baja California (20.7%), de Nuevo Le\u00f3n (21.7%), de Sinaloa (21.8%), de Colima (22.8%) y de Aguascalientes (23.3).<\/p>\n","protected":false},"excerpt":{"rendered":"<p>La poblaci\u00f3n en condiciones cr\u00edticas de ocupaci\u00f3n concentra a las personas que laboran menos de 35 horas por razones de mercado. En el segundo trimestre del 2024, la entidad present\u00f3 una Tasa de Condiciones Cr\u00edticas de Ocupaci\u00f3n (TCCO) de 25.2% de la poblaci\u00f3n ocupada. Se trata del porcentaje de personas ocupadas que laboran menos de [&hellip;]<\/p>\n","protected":false},"author":1,"featured_media":63272,"comment_status":"closed","ping_status":"closed","sticky":false,"template":"","format":"standard","meta":{"footnotes":""},"categories":[34],"tags":[],"class_list":["post-63271","post","type-post","status-publish","format-standard","has-post-thumbnail","hentry","category-nacional"],"_links":{"self":[{"href":"https:\/\/elinformante.mx\/index.php?rest_route=\/wp\/v2\/posts\/63271","targetHints":{"allow":["GET"]}}],"collection":[{"href":"https:\/\/elinformante.mx\/index.php?rest_route=\/wp\/v2\/posts"}],"about":[{"href":"https:\/\/elinformante.mx\/index.php?rest_route=\/wp\/v2\/types\/post"}],"author":[{"embeddable":true,"href":"https:\/\/elinformante.mx\/index.php?rest_route=\/wp\/v2\/users\/1"}],"replies":[{"embeddable":true,"href":"https:\/\/elinformante.mx\/index.php?rest_route=%2Fwp%2Fv2%2Fcomments&post=63271"}],"version-history":[{"count":0,"href":"https:\/\/elinformante.mx\/index.php?rest_route=\/wp\/v2\/posts\/63271\/revisions"}],"wp:featuredmedia":[{"embeddable":true,"href":"https:\/\/elinformante.mx\/index.php?rest_route=\/wp\/v2\/media\/63272"}],"wp:attachment":[{"href":"https:\/\/elinformante.mx\/index.php?rest_route=%2Fwp%2Fv2%2Fmedia&parent=63271"}],"wp:term":[{"taxonomy":"category","embeddable":true,"href":"https:\/\/elinformante.mx\/index.php?rest_route=%2Fwp%2Fv2%2Fcategories&post=63271"},{"taxonomy":"post_tag","embeddable":true,"href":"https:\/\/elinformante.mx\/index.php?rest_route=%2Fwp%2Fv2%2Ftags&post=63271"}],"curies":[{"name":"wp","href":"https:\/\/api.w.org\/{rel}","templated":true}]}}