{"id":63284,"date":"2024-09-04T07:49:35","date_gmt":"2024-09-04T13:49:35","guid":{"rendered":"https:\/\/elinformante.mx\/?p=63284"},"modified":"2024-09-04T07:49:36","modified_gmt":"2024-09-04T13:49:36","slug":"mas-de-12-mil-funcionarios-fueron-sancionados-por-corrupcion-amlo","status":"publish","type":"post","link":"https:\/\/elinformante.mx\/?p=63284","title":{"rendered":"M\u00c1S DE 12 MIL FUNCIONARIOS FUERON SANCIONADOS POR CORRUPCI\u00d3N: AMLO"},"content":{"rendered":"\n<blockquote class=\"wp-block-quote is-layout-flow wp-block-quote-is-layout-flow\">\n<p>Entre el 1 de diciembre de 2018 y el 31 de julio de 2024, los \u00f3rganos internos de control espec\u00edficos y especializados y las unidades de responsabilidades de la Funci\u00f3n P\u00fablica impusieron un total de 15,461 sanciones.<\/p>\n<\/blockquote>\n\n\n\n<p>El presidente Andr\u00e9s Manuel L\u00f3pez Obrador dio a conocer que, entre el 1 de diciembre de 2018 y el 31 de julio de 2024, los \u00f3rganos internos de control espec\u00edficos y especializados y las unidades de responsabilidades de la Secretar\u00eda de la Funci\u00f3n P\u00fablica impusieron un total de 15,461 sanciones a 12,752 personas servidoras p\u00fablicas.<br><\/p>\n\n\n\n<figure class=\"wp-block-image size-large\"><img fetchpriority=\"high\" decoding=\"async\" width=\"1024\" height=\"503\" src=\"https:\/\/elinformante.mx\/wp-content\/uploads\/2024\/09\/9mas-de-1024x503.jpg\" alt=\"\" class=\"wp-image-63286\" srcset=\"https:\/\/elinformante.mx\/wp-content\/uploads\/2024\/09\/9mas-de-1024x503.jpg 1024w, https:\/\/elinformante.mx\/wp-content\/uploads\/2024\/09\/9mas-de-300x147.jpg 300w, https:\/\/elinformante.mx\/wp-content\/uploads\/2024\/09\/9mas-de-768x377.jpg 768w, https:\/\/elinformante.mx\/wp-content\/uploads\/2024\/09\/9mas-de-580x285.jpg 580w, https:\/\/elinformante.mx\/wp-content\/uploads\/2024\/09\/9mas-de-860x422.jpg 860w, https:\/\/elinformante.mx\/wp-content\/uploads\/2024\/09\/9mas-de.jpg 1140w\" sizes=\"(max-width: 1024px) 100vw, 1024px\" \/><\/figure>\n\n\n\n<p>Los tipos de sanciones que impuso la SFP para aquellos funcionarios fueron: amonestaci\u00f3n privada a 1,830; amonestaci\u00f3n p\u00fablica a 2,444; destituciones para 726; inhabilitaciones en contra de 5,861; sanci\u00f3n econ\u00f3mica a 622, y suspensi\u00f3n de 3,978.<br><\/p>\n\n\n\n<p>L\u00f3pez Obrador asegur\u00f3 que su gobierno ha ahorrado alrededor de 2 billones de pesos gracias a sus pol\u00edticas de austeridad y a la eliminaci\u00f3n de pr\u00e1cticas corruptas. Se\u00f1al\u00f3 que, a diferencia de gobiernos anteriores, su administraci\u00f3n ha logrado evitar casos graves de corrupci\u00f3n y que no ha permitido la impunidad.<br><\/p>\n\n\n\n<figure class=\"wp-block-image size-large\"><img decoding=\"async\" width=\"1024\" height=\"503\" src=\"https:\/\/elinformante.mx\/wp-content\/uploads\/2024\/09\/9mas-de-3-1024x503.jpg\" alt=\"\" class=\"wp-image-63287\" srcset=\"https:\/\/elinformante.mx\/wp-content\/uploads\/2024\/09\/9mas-de-3-1024x503.jpg 1024w, https:\/\/elinformante.mx\/wp-content\/uploads\/2024\/09\/9mas-de-3-300x147.jpg 300w, https:\/\/elinformante.mx\/wp-content\/uploads\/2024\/09\/9mas-de-3-768x377.jpg 768w, https:\/\/elinformante.mx\/wp-content\/uploads\/2024\/09\/9mas-de-3-580x285.jpg 580w, https:\/\/elinformante.mx\/wp-content\/uploads\/2024\/09\/9mas-de-3-860x422.jpg 860w, https:\/\/elinformante.mx\/wp-content\/uploads\/2024\/09\/9mas-de-3.jpg 1140w\" sizes=\"(max-width: 1024px) 100vw, 1024px\" \/><\/figure>\n\n\n\n<p>\u201cUno que ya se est\u00e1 atendiendo, que fue el de Segalmex, que logr\u00f3 recuperar un dinero, una cantidad de dinero considerable. Y ya hay detenidos por este caso; porque no \u00fanicamente no hemos permitido la corrupci\u00f3n, no hemos permitido tampoco la impunidad, que van de la mano siempre\u201d, coment\u00f3 el jefe del Ejecutivo.<br><\/p>\n\n\n\n<p>El presidente neg\u00f3 que miembros del gabinete o funcionarios de primer nivel fueran sancionados por actos de corrupci\u00f3n, afirm\u00f3 que su gabinete fue cuidadosamente seleccionado para evitar problemas de corrupci\u00f3n.<br><\/p>\n\n\n\n<figure class=\"wp-block-image size-large\"><img decoding=\"async\" width=\"1024\" height=\"503\" src=\"https:\/\/elinformante.mx\/wp-content\/uploads\/2024\/09\/9mas-de-2-1024x503.jpg\" alt=\"\" class=\"wp-image-63288\" srcset=\"https:\/\/elinformante.mx\/wp-content\/uploads\/2024\/09\/9mas-de-2-1024x503.jpg 1024w, https:\/\/elinformante.mx\/wp-content\/uploads\/2024\/09\/9mas-de-2-300x147.jpg 300w, https:\/\/elinformante.mx\/wp-content\/uploads\/2024\/09\/9mas-de-2-768x377.jpg 768w, https:\/\/elinformante.mx\/wp-content\/uploads\/2024\/09\/9mas-de-2-580x285.jpg 580w, https:\/\/elinformante.mx\/wp-content\/uploads\/2024\/09\/9mas-de-2-860x422.jpg 860w, https:\/\/elinformante.mx\/wp-content\/uploads\/2024\/09\/9mas-de-2.jpg 1140w\" sizes=\"(max-width: 1024px) 100vw, 1024px\" \/><\/figure>\n\n\n\n<p>Es muy importante que no exista contubernio, asociaci\u00f3n delictuosa entre el poder econ\u00f3mico y el poder pol\u00edtico, subray\u00f3.<br><\/p>\n\n\n\n<p>El jefe del Ejecutivo inform\u00f3 que el pr\u00f3ximo jueves la secretaria de Gobernaci\u00f3n, Luisa Mar\u00eda Alcalde, y el secretario de la Funci\u00f3n P\u00fablica, Roberto Salcedo Aquino, dar\u00e1n a conocer detalles sobre los casos de corrupci\u00f3n y los funcionarios involucrados; adem\u00e1s, que se abordar\u00e1 espec\u00edficamente el caso de Segalmex.<\/p>\n\n\n\n<figure class=\"wp-block-image size-large\"><img loading=\"lazy\" decoding=\"async\" width=\"1024\" height=\"503\" src=\"https:\/\/elinformante.mx\/wp-content\/uploads\/2024\/09\/9mas-de-5-1024x503.jpg\" alt=\"\" class=\"wp-image-63289\" srcset=\"https:\/\/elinformante.mx\/wp-content\/uploads\/2024\/09\/9mas-de-5-1024x503.jpg 1024w, https:\/\/elinformante.mx\/wp-content\/uploads\/2024\/09\/9mas-de-5-300x147.jpg 300w, https:\/\/elinformante.mx\/wp-content\/uploads\/2024\/09\/9mas-de-5-768x377.jpg 768w, https:\/\/elinformante.mx\/wp-content\/uploads\/2024\/09\/9mas-de-5-580x285.jpg 580w, https:\/\/elinformante.mx\/wp-content\/uploads\/2024\/09\/9mas-de-5-860x422.jpg 860w, https:\/\/elinformante.mx\/wp-content\/uploads\/2024\/09\/9mas-de-5.jpg 1140w\" sizes=\"(max-width: 1024px) 100vw, 1024px\" \/><\/figure>\n","protected":false},"excerpt":{"rendered":"<p>Entre el 1 de diciembre de 2018 y el 31 de julio de 2024, los \u00f3rganos internos de control espec\u00edficos y especializados y las unidades de responsabilidades de la Funci\u00f3n P\u00fablica impusieron un total de 15,461 sanciones. El presidente Andr\u00e9s Manuel L\u00f3pez Obrador dio a conocer que, entre el 1 de diciembre de 2018 y [&hellip;]<\/p>\n","protected":false},"author":1,"featured_media":63285,"comment_status":"closed","ping_status":"closed","sticky":false,"template":"","format":"standard","meta":{"footnotes":""},"categories":[30,34,31],"tags":[],"class_list":["post-63284","post","type-post","status-publish","format-standard","has-post-thumbnail","hentry","category-destacado","category-nacional","category-portada"],"_links":{"self":[{"href":"https:\/\/elinformante.mx\/index.php?rest_route=\/wp\/v2\/posts\/63284","targetHints":{"allow":["GET"]}}],"collection":[{"href":"https:\/\/elinformante.mx\/index.php?rest_route=\/wp\/v2\/posts"}],"about":[{"href":"https:\/\/elinformante.mx\/index.php?rest_route=\/wp\/v2\/types\/post"}],"author":[{"embeddable":true,"href":"https:\/\/elinformante.mx\/index.php?rest_route=\/wp\/v2\/users\/1"}],"replies":[{"embeddable":true,"href":"https:\/\/elinformante.mx\/index.php?rest_route=%2Fwp%2Fv2%2Fcomments&post=63284"}],"version-history":[{"count":0,"href":"https:\/\/elinformante.mx\/index.php?rest_route=\/wp\/v2\/posts\/63284\/revisions"}],"wp:featuredmedia":[{"embeddable":true,"href":"https:\/\/elinformante.mx\/index.php?rest_route=\/wp\/v2\/media\/63285"}],"wp:attachment":[{"href":"https:\/\/elinformante.mx\/index.php?rest_route=%2Fwp%2Fv2%2Fmedia&parent=63284"}],"wp:term":[{"taxonomy":"category","embeddable":true,"href":"https:\/\/elinformante.mx\/index.php?rest_route=%2Fwp%2Fv2%2Fcategories&post=63284"},{"taxonomy":"post_tag","embeddable":true,"href":"https:\/\/elinformante.mx\/index.php?rest_route=%2Fwp%2Fv2%2Ftags&post=63284"}],"curies":[{"name":"wp","href":"https:\/\/api.w.org\/{rel}","templated":true}]}}