{"id":63426,"date":"2024-09-06T05:19:28","date_gmt":"2024-09-06T11:19:28","guid":{"rendered":"https:\/\/elinformante.mx\/?p=63426"},"modified":"2024-09-06T05:19:29","modified_gmt":"2024-09-06T11:19:29","slug":"acusan-a-checo-perez-de-la-crisis-de-red-bull","status":"publish","type":"post","link":"https:\/\/elinformante.mx\/?p=63426","title":{"rendered":"Acusan a \u201cCheco\u201d P\u00e9rez de la crisis de Red Bull"},"content":{"rendered":"\n<blockquote class=\"wp-block-quote is-layout-flow wp-block-quote-is-layout-flow\">\n<p>Mika Hakkinen, bicampe\u00f3n en la F\u00f3rmula 1, mencion\u00f3 que es el responsable de la crisis de la escuder\u00eda, ya que el piloto mexicano no ha tenido su mejor temporada.<\/p>\n<\/blockquote>\n\n\n\n<p>Sin duda esta temporada no ha sido la mejor para el piloto mexicano Sergio P\u00e9rez, actualmente marcha s\u00e9ptimo en la tabla por el campeonato mundial de pilotos en la F\u00f3rmula 1.<br><\/p>\n\n\n\n<p>Pero sumando a estos problemas, tras su octava posici\u00f3n obtenida en Monza, Mika Hakkinen, lo se\u00f1al\u00f3 como el responsable de la \u201ccrisis\u201d que vive Red Bull.<br><\/p>\n\n\n\n<p>El piloto Max Verstappen sigue en la cima del campeonato de pilotos y Red Bull sigue siendo el l\u00edder en la tabla de constructores, aunque la racha de seis carreras consecutivas sin terminar en el primer lugar tiene a todos los amantes del automovilismo cuestion\u00e1ndose si hay una crisis en la escuder\u00eda austriaca.<br><\/p>\n\n\n\n<p>Mika Hakkinen declar\u00f3 que siendo piloto de carreras, el hablar y criticar a otro piloto, nunca es agradable, pero debemos recordar que la F\u00f3rmula 1 es un deporte muy cruel, en un equipo existen dos pilotos, y estos est\u00e1n compitiendo entre s\u00ed, antes de competir contra otros. Pero en este caso, la brecha entre Max y Sergio han ido aumentando.<br><\/p>\n\n\n\n<p>Hakkinen fue uno de los grandes rivales de Michael Schumacher como piloto de McLaren, donde gan\u00f3 el campeonato mundial en 1998 y 1999.<br><\/p>\n\n\n\n<p>\u201cHay que comparar constantemente necesitas dos pilotos y Sergio P\u00e9rez no ha sido capaz de ofrecer esto al equipo Red Bull y ha influido en el \u00e9xito. Y esto ha sido algo muy negativo. Lleva mucho tiempo en la F\u00f3rmula 1. No es el primer a\u00f1o ni el segundo, lleva all\u00ed mucho tiempo. Ha tenido la oportunidad de estudiarse a s\u00ed mismo, de entenderse a s\u00ed mismo. \u00bfQu\u00e9 necesita para ser el n\u00famero uno? Y no lo ha hecho. No quiero decir que no tenga talento para conducir\u201d concluy\u00f3.<\/p>\n","protected":false},"excerpt":{"rendered":"<p>Mika Hakkinen, bicampe\u00f3n en la F\u00f3rmula 1, mencion\u00f3 que es el responsable de la crisis de la escuder\u00eda, ya que el piloto mexicano no ha tenido su mejor temporada. Sin duda esta temporada no ha sido la mejor para el piloto mexicano Sergio P\u00e9rez, actualmente marcha s\u00e9ptimo en la tabla por el campeonato mundial de [&hellip;]<\/p>\n","protected":false},"author":1,"featured_media":63427,"comment_status":"closed","ping_status":"closed","sticky":false,"template":"","format":"standard","meta":{"footnotes":""},"categories":[38],"tags":[],"class_list":["post-63426","post","type-post","status-publish","format-standard","has-post-thumbnail","hentry","category-deportes"],"_links":{"self":[{"href":"https:\/\/elinformante.mx\/index.php?rest_route=\/wp\/v2\/posts\/63426","targetHints":{"allow":["GET"]}}],"collection":[{"href":"https:\/\/elinformante.mx\/index.php?rest_route=\/wp\/v2\/posts"}],"about":[{"href":"https:\/\/elinformante.mx\/index.php?rest_route=\/wp\/v2\/types\/post"}],"author":[{"embeddable":true,"href":"https:\/\/elinformante.mx\/index.php?rest_route=\/wp\/v2\/users\/1"}],"replies":[{"embeddable":true,"href":"https:\/\/elinformante.mx\/index.php?rest_route=%2Fwp%2Fv2%2Fcomments&post=63426"}],"version-history":[{"count":0,"href":"https:\/\/elinformante.mx\/index.php?rest_route=\/wp\/v2\/posts\/63426\/revisions"}],"wp:featuredmedia":[{"embeddable":true,"href":"https:\/\/elinformante.mx\/index.php?rest_route=\/wp\/v2\/media\/63427"}],"wp:attachment":[{"href":"https:\/\/elinformante.mx\/index.php?rest_route=%2Fwp%2Fv2%2Fmedia&parent=63426"}],"wp:term":[{"taxonomy":"category","embeddable":true,"href":"https:\/\/elinformante.mx\/index.php?rest_route=%2Fwp%2Fv2%2Fcategories&post=63426"},{"taxonomy":"post_tag","embeddable":true,"href":"https:\/\/elinformante.mx\/index.php?rest_route=%2Fwp%2Fv2%2Ftags&post=63426"}],"curies":[{"name":"wp","href":"https:\/\/api.w.org\/{rel}","templated":true}]}}