{"id":63433,"date":"2024-09-06T05:21:53","date_gmt":"2024-09-06T11:21:53","guid":{"rendered":"https:\/\/elinformante.mx\/?p=63433"},"modified":"2024-09-06T05:21:54","modified_gmt":"2024-09-06T11:21:54","slug":"tres-sujetos-son-detenidos-acusados-de-robar-un-vehiculo","status":"publish","type":"post","link":"https:\/\/elinformante.mx\/?p=63433","title":{"rendered":"Tres sujetos son detenidos acusados de robar un veh\u00edculo"},"content":{"rendered":"\n<blockquote class=\"wp-block-quote is-layout-flow wp-block-quote-is-layout-flow\">\n<p>Los hombres al parecer hab\u00edan robado la unidad con lujo de violencia y durante una persecuci\u00f3n impactaron de frente contra una patrulla de la Polic\u00eda Municipal.<\/p>\n<\/blockquote>\n\n\n\n<p>Polic\u00edas de la SSEM y de la Polic\u00eda Municipal detuvieron a tres personas posibles responsables del robo de un autom\u00f3vil.<br><\/p>\n\n\n\n<p>Tras recibir una alerta por parte del C5 de la SSEM acudieron a un punto donde se registraron detonaciones de arma de fuego, tras el aparente robo de una unidad marca Kia Seltos color blanco, se canaliz\u00f3 a polic\u00edas estatales.<br><\/p>\n\n\n\n<figure class=\"wp-block-image size-large\"><img fetchpriority=\"high\" decoding=\"async\" width=\"1024\" height=\"503\" src=\"https:\/\/elinformante.mx\/wp-content\/uploads\/2024\/09\/13tres-sejetos-2-1024x503.jpg\" alt=\"\" class=\"wp-image-63435\" srcset=\"https:\/\/elinformante.mx\/wp-content\/uploads\/2024\/09\/13tres-sejetos-2-1024x503.jpg 1024w, https:\/\/elinformante.mx\/wp-content\/uploads\/2024\/09\/13tres-sejetos-2-300x147.jpg 300w, https:\/\/elinformante.mx\/wp-content\/uploads\/2024\/09\/13tres-sejetos-2-768x377.jpg 768w, https:\/\/elinformante.mx\/wp-content\/uploads\/2024\/09\/13tres-sejetos-2-580x285.jpg 580w, https:\/\/elinformante.mx\/wp-content\/uploads\/2024\/09\/13tres-sejetos-2-860x422.jpg 860w, https:\/\/elinformante.mx\/wp-content\/uploads\/2024\/09\/13tres-sejetos-2.jpg 1140w\" sizes=\"(max-width: 1024px) 100vw, 1024px\" \/><\/figure>\n\n\n\n<p>Previamente polic\u00edas municipales arribaron al lugar y durante una persecuci\u00f3n, el automotor objetivo en el cual viajaban los sospechosos, se impact\u00f3 de frente contra una patrulla de esta corporaci\u00f3n, sobre la calle L\u00e1zaro C\u00e1rdenas, en la colonia San Juan.<br><\/p>\n\n\n\n<p>David \u201cN\u201d de 26 a\u00f1os, Gabriel \u201cN\u201d y a Bryan \u201cN\u201d, ambos de 22 a\u00f1os, los dos \u00faltimos fueron puestos a disposici\u00f3n de la Agencia del Ministerio P\u00fablico correspondiente, donde se abrir\u00e1 una carpeta de investigaci\u00f3n para determinar su situaci\u00f3n legal; en tanto, David \u201cN\u201d a un hospital en calidad de detenido, ya que presentaba impactos de bala.<\/p>\n","protected":false},"excerpt":{"rendered":"<p>Los hombres al parecer hab\u00edan robado la unidad con lujo de violencia y durante una persecuci\u00f3n impactaron de frente contra una patrulla de la Polic\u00eda Municipal. Polic\u00edas de la SSEM y de la Polic\u00eda Municipal detuvieron a tres personas posibles responsables del robo de un autom\u00f3vil. Tras recibir una alerta por parte del C5 de [&hellip;]<\/p>\n","protected":false},"author":1,"featured_media":63434,"comment_status":"closed","ping_status":"closed","sticky":false,"template":"","format":"standard","meta":{"footnotes":""},"categories":[36,37],"tags":[],"class_list":["post-63433","post","type-post","status-publish","format-standard","has-post-thumbnail","hentry","category-edomex","category-justicia"],"_links":{"self":[{"href":"https:\/\/elinformante.mx\/index.php?rest_route=\/wp\/v2\/posts\/63433","targetHints":{"allow":["GET"]}}],"collection":[{"href":"https:\/\/elinformante.mx\/index.php?rest_route=\/wp\/v2\/posts"}],"about":[{"href":"https:\/\/elinformante.mx\/index.php?rest_route=\/wp\/v2\/types\/post"}],"author":[{"embeddable":true,"href":"https:\/\/elinformante.mx\/index.php?rest_route=\/wp\/v2\/users\/1"}],"replies":[{"embeddable":true,"href":"https:\/\/elinformante.mx\/index.php?rest_route=%2Fwp%2Fv2%2Fcomments&post=63433"}],"version-history":[{"count":0,"href":"https:\/\/elinformante.mx\/index.php?rest_route=\/wp\/v2\/posts\/63433\/revisions"}],"wp:featuredmedia":[{"embeddable":true,"href":"https:\/\/elinformante.mx\/index.php?rest_route=\/wp\/v2\/media\/63434"}],"wp:attachment":[{"href":"https:\/\/elinformante.mx\/index.php?rest_route=%2Fwp%2Fv2%2Fmedia&parent=63433"}],"wp:term":[{"taxonomy":"category","embeddable":true,"href":"https:\/\/elinformante.mx\/index.php?rest_route=%2Fwp%2Fv2%2Fcategories&post=63433"},{"taxonomy":"post_tag","embeddable":true,"href":"https:\/\/elinformante.mx\/index.php?rest_route=%2Fwp%2Fv2%2Ftags&post=63433"}],"curies":[{"name":"wp","href":"https:\/\/api.w.org\/{rel}","templated":true}]}}