{"id":63437,"date":"2024-09-06T05:24:07","date_gmt":"2024-09-06T11:24:07","guid":{"rendered":"https:\/\/elinformante.mx\/?p=63437"},"modified":"2024-09-06T05:24:09","modified_gmt":"2024-09-06T11:24:09","slug":"ordenan-detener-a-dos-personas-por-el-delito-de-feminicidio","status":"publish","type":"post","link":"https:\/\/elinformante.mx\/?p=63437","title":{"rendered":"Ordenan detener a dos personas por el delito de feminicidio"},"content":{"rendered":"\n<blockquote class=\"wp-block-quote is-layout-flow wp-block-quote-is-layout-flow\">\n<p>Uno de los il\u00edcitos fue perpetrado el pasado mes de marzo en el municipio de Villa Victoria y el otro se registr\u00f3 el 11 de agosto de este a\u00f1o en Toluca.<\/p>\n<\/blockquote>\n\n\n\n<p>Elementos de la FGJEM cumplimentaron \u00f3rdenes de aprehensi\u00f3n en contra de dos probables implicados, uno de ellos investigado por su probable intervenci\u00f3n en el delito de feminicidio y otro indagado por feminicidio en grado de tentativa.<br><\/p>\n\n\n\n<p>Aprehendieron en el municipio de Villa Victoria a V\u00edctor \u201cN\u201d, quien es investigado por el il\u00edcito de feminicidio en agravio de una adolescente de 17 a\u00f1os, a quien al parecer agredi\u00f3 f\u00edsicamente y luego le habr\u00eda disparado con un arma de fuego, caus\u00e1ndole la muerte, esto el pasado 22 de marzo, en la colonia San Agust\u00edn Monte Alto, La Trampa, de dicha demarcaci\u00f3n.<br><\/p>\n\n\n\n<p>En otro caso, la orden de aprehensi\u00f3n contra Israel \u201cN\u201d, se\u00f1alado por su posible participaci\u00f3n en el delito de feminicidio en grado de tentativa, ya que el 11 de agosto pasado habr\u00eda intentado privar de la vida a su ex pareja sentimental, al interior de una vivienda localizada en la colonia San Mateo Otzacatipan, en la capital mexiquense.<br><\/p>\n\n\n\n<p>Tras ser detenidos estos individuos fueron ingresados al Centro Penitenciario y de Reinserci\u00f3n Social, a disposici\u00f3n del \u00d3rgano Jurisdiccional, quien habr\u00e1 de determinar su situaci\u00f3n legal, sin embargo, deben ser considerados inocentes hasta que sea dictada una sentencia condenatoria en su contra.<\/p>\n","protected":false},"excerpt":{"rendered":"<p>Uno de los il\u00edcitos fue perpetrado el pasado mes de marzo en el municipio de Villa Victoria y el otro se registr\u00f3 el 11 de agosto de este a\u00f1o en Toluca. Elementos de la FGJEM cumplimentaron \u00f3rdenes de aprehensi\u00f3n en contra de dos probables implicados, uno de ellos investigado por su probable intervenci\u00f3n en el [&hellip;]<\/p>\n","protected":false},"author":1,"featured_media":63438,"comment_status":"closed","ping_status":"closed","sticky":false,"template":"","format":"standard","meta":{"footnotes":""},"categories":[36,37],"tags":[],"class_list":["post-63437","post","type-post","status-publish","format-standard","has-post-thumbnail","hentry","category-edomex","category-justicia"],"_links":{"self":[{"href":"https:\/\/elinformante.mx\/index.php?rest_route=\/wp\/v2\/posts\/63437","targetHints":{"allow":["GET"]}}],"collection":[{"href":"https:\/\/elinformante.mx\/index.php?rest_route=\/wp\/v2\/posts"}],"about":[{"href":"https:\/\/elinformante.mx\/index.php?rest_route=\/wp\/v2\/types\/post"}],"author":[{"embeddable":true,"href":"https:\/\/elinformante.mx\/index.php?rest_route=\/wp\/v2\/users\/1"}],"replies":[{"embeddable":true,"href":"https:\/\/elinformante.mx\/index.php?rest_route=%2Fwp%2Fv2%2Fcomments&post=63437"}],"version-history":[{"count":0,"href":"https:\/\/elinformante.mx\/index.php?rest_route=\/wp\/v2\/posts\/63437\/revisions"}],"wp:featuredmedia":[{"embeddable":true,"href":"https:\/\/elinformante.mx\/index.php?rest_route=\/wp\/v2\/media\/63438"}],"wp:attachment":[{"href":"https:\/\/elinformante.mx\/index.php?rest_route=%2Fwp%2Fv2%2Fmedia&parent=63437"}],"wp:term":[{"taxonomy":"category","embeddable":true,"href":"https:\/\/elinformante.mx\/index.php?rest_route=%2Fwp%2Fv2%2Fcategories&post=63437"},{"taxonomy":"post_tag","embeddable":true,"href":"https:\/\/elinformante.mx\/index.php?rest_route=%2Fwp%2Fv2%2Ftags&post=63437"}],"curies":[{"name":"wp","href":"https:\/\/api.w.org\/{rel}","templated":true}]}}