{"id":63440,"date":"2024-09-06T05:25:10","date_gmt":"2024-09-06T11:25:10","guid":{"rendered":"https:\/\/elinformante.mx\/?p=63440"},"modified":"2024-09-06T05:25:11","modified_gmt":"2024-09-06T11:25:11","slug":"fueron-sentenciados-a-31-anos-de-prision-por-trata-de-personas","status":"publish","type":"post","link":"https:\/\/elinformante.mx\/?p=63440","title":{"rendered":"Fueron sentenciados a 31 a\u00f1os de prisi\u00f3n por trata de personas"},"content":{"rendered":"\n<blockquote class=\"wp-block-quote is-layout-flow wp-block-quote-is-layout-flow\">\n<p>Los hechos fueron cometidos en agravio de una ni\u00f1a de 6 a\u00f1os, quien era obligada a comercializar dulces en vialidades del municipio de Cuautitl\u00e1n Izcalli.<\/p>\n<\/blockquote>\n\n\n\n<p>La FGJEM obtuvo sentencia de condena de 31 a\u00f1os y 3 meses de prisi\u00f3n para Itzel Ver\u00f3nica M\u00edreles Mart\u00ednez y David Casos M\u00e9ndez, tras acreditar su responsabilidad en el delito de trata de personas en agravio de una v\u00edctima de 6 a\u00f1os, a quien obligaban a comercializar dulces en vialidades del municipio de Cuautitl\u00e1n Izcalli.<br><\/p>\n\n\n\n<p>La investigaci\u00f3n precis\u00f3 que en marzo del a\u00f1o 2023 y hasta mayo de ese mismo a\u00f1o, la ahora sentenciada entregaba a la v\u00edctima a David Casos M\u00e9ndez, para que este a su vez, la trasladara a distintas vialidades de la demarcaci\u00f3n referida, donde era obligada a llevar a cabo esa actividad; de esta acci\u00f3n se beneficiaban estas personas y en caso de que la ni\u00f1a se negara a realizarla, era agredida verbal y f\u00edsicamente.<br><\/p>\n\n\n\n<p>El Ministerio P\u00fablico solicit\u00f3 aprehender a Itzel Ver\u00f3nica M\u00edreles Mart\u00ednez y David Casos M\u00e9ndez. Tras ser capturados, ambos individuos fueron ingresados al Centro Penitenciario y de Reinserci\u00f3n Social, donde un Juez luego de revisar las pruebas recabadas, aportadas y expuestas por el Representante Social, y tras proceso legal, emiti\u00f3 esta sentencia de condena contra estas personas por su intervenci\u00f3n en el delito de trata de personas, en la modalidad de la acci\u00f3n dolosa de una persona para entregar y recibir a otra con fines de explotaci\u00f3n, a trav\u00e9s de los trabajos forzados con las agravantes de haberse cometido contra una menor de edad y se utilice violencia.<br><\/p>\n\n\n\n<p>Adem\u00e1s de la pena privativa de libertad, los sentenciados deber\u00e1n pagar 4 millones 927 mil 650 pesos por concepto de multa y 61 mil 240 pesos como reparaci\u00f3n del da\u00f1o moral.<br><\/p>\n\n\n\n<p>Una familiar de la v\u00edctima, tambi\u00e9n ya fue sentenciada anteriormente, acusada del delito de trata de personas.<\/p>\n","protected":false},"excerpt":{"rendered":"<p>Los hechos fueron cometidos en agravio de una ni\u00f1a de 6 a\u00f1os, quien era obligada a comercializar dulces en vialidades del municipio de Cuautitl\u00e1n Izcalli. La FGJEM obtuvo sentencia de condena de 31 a\u00f1os y 3 meses de prisi\u00f3n para Itzel Ver\u00f3nica M\u00edreles Mart\u00ednez y David Casos M\u00e9ndez, tras acreditar su responsabilidad en el delito [&hellip;]<\/p>\n","protected":false},"author":1,"featured_media":63441,"comment_status":"closed","ping_status":"closed","sticky":false,"template":"","format":"standard","meta":{"footnotes":""},"categories":[30,36,37],"tags":[],"class_list":["post-63440","post","type-post","status-publish","format-standard","has-post-thumbnail","hentry","category-destacado","category-edomex","category-justicia"],"_links":{"self":[{"href":"https:\/\/elinformante.mx\/index.php?rest_route=\/wp\/v2\/posts\/63440","targetHints":{"allow":["GET"]}}],"collection":[{"href":"https:\/\/elinformante.mx\/index.php?rest_route=\/wp\/v2\/posts"}],"about":[{"href":"https:\/\/elinformante.mx\/index.php?rest_route=\/wp\/v2\/types\/post"}],"author":[{"embeddable":true,"href":"https:\/\/elinformante.mx\/index.php?rest_route=\/wp\/v2\/users\/1"}],"replies":[{"embeddable":true,"href":"https:\/\/elinformante.mx\/index.php?rest_route=%2Fwp%2Fv2%2Fcomments&post=63440"}],"version-history":[{"count":0,"href":"https:\/\/elinformante.mx\/index.php?rest_route=\/wp\/v2\/posts\/63440\/revisions"}],"wp:featuredmedia":[{"embeddable":true,"href":"https:\/\/elinformante.mx\/index.php?rest_route=\/wp\/v2\/media\/63441"}],"wp:attachment":[{"href":"https:\/\/elinformante.mx\/index.php?rest_route=%2Fwp%2Fv2%2Fmedia&parent=63440"}],"wp:term":[{"taxonomy":"category","embeddable":true,"href":"https:\/\/elinformante.mx\/index.php?rest_route=%2Fwp%2Fv2%2Fcategories&post=63440"},{"taxonomy":"post_tag","embeddable":true,"href":"https:\/\/elinformante.mx\/index.php?rest_route=%2Fwp%2Fv2%2Ftags&post=63440"}],"curies":[{"name":"wp","href":"https:\/\/api.w.org\/{rel}","templated":true}]}}