{"id":63443,"date":"2024-09-06T05:27:29","date_gmt":"2024-09-06T11:27:29","guid":{"rendered":"https:\/\/elinformante.mx\/?p=63443"},"modified":"2024-09-06T05:27:31","modified_gmt":"2024-09-06T11:27:31","slug":"capacitan-a-personal-medico-mexiquense-en-protocolos-de-actuacion-ante-mpox","status":"publish","type":"post","link":"https:\/\/elinformante.mx\/?p=63443","title":{"rendered":"Capacitan a personal m\u00e9dico mexiquense en protocolos de actuaci\u00f3n ante Mpox"},"content":{"rendered":"\n<blockquote class=\"wp-block-quote is-layout-flow wp-block-quote-is-layout-flow\">\n<p>Se impartieron seis conferencias por parte de especialistas del ISEM, IMIEM y LESP, en las que participaron 396 trabajadores de salud.<\/p>\n<\/blockquote>\n\n\n\n<p>Para estar preparados ante la emergencia por Mpox (viruela s\u00edmica) y atender los casos que se presenten, la Secretar\u00eda de Salud, como instituci\u00f3n normativa y rectora en el Estado de M\u00e9xico, capacita al personal del \u00e1rea m\u00e9dica, a fin de reforzar la vigilancia epidemiol\u00f3gica y, en caso necesario, atender oportunamente a quien presente este padecimiento.<br><\/p>\n\n\n\n<p>As\u00ed lo se\u00f1al\u00f3 Macarena Montoya Olvera, titular de la dependencia, al clausurar el curso \u201cMpox, procedimientos estandarizados para su detecci\u00f3n, atenci\u00f3n y seguimiento\u201d, en el que participaron 396 personas, con lo que se busca, dijo, la notificaci\u00f3n oportuna de todo caso probable, toma de muestra y seguimiento epidemiol\u00f3gico hasta su clasificaci\u00f3n final, a fin de cortar cadenas de transmisi\u00f3n.<br><\/p>\n\n\n\n<p>Ante representantes del Comit\u00e9 Estatal de Vigilancia Epidemiol\u00f3gica, jefes jurisdiccionales, directores de hospitales generales, municipales, psiqui\u00e1tricos y materno-infantil, personal de los Aeropuertos Internacionales \u201cFelipe \u00c1ngeles\u201d (AIFA) y de Toluca (AIT), as\u00ed como personal del Sistema de Vigilancia Epidemiol\u00f3gica de Mpox, destac\u00f3 que la Organizaci\u00f3n Mundial de la Salud (OMS), prev\u00e9 que si los gobiernos y las instituciones de salud, hacen lo necesario para detectarlo, evitar su propagaci\u00f3n y erradicarlo, la emergencia puede terminar en seis meses.<br><\/p>\n\n\n\n<figure class=\"wp-block-image size-large\"><img fetchpriority=\"high\" decoding=\"async\" width=\"1024\" height=\"503\" src=\"https:\/\/elinformante.mx\/wp-content\/uploads\/2024\/09\/12capacitan-2-1024x503.jpg\" alt=\"\" class=\"wp-image-63445\" srcset=\"https:\/\/elinformante.mx\/wp-content\/uploads\/2024\/09\/12capacitan-2-1024x503.jpg 1024w, https:\/\/elinformante.mx\/wp-content\/uploads\/2024\/09\/12capacitan-2-300x147.jpg 300w, https:\/\/elinformante.mx\/wp-content\/uploads\/2024\/09\/12capacitan-2-768x377.jpg 768w, https:\/\/elinformante.mx\/wp-content\/uploads\/2024\/09\/12capacitan-2-580x285.jpg 580w, https:\/\/elinformante.mx\/wp-content\/uploads\/2024\/09\/12capacitan-2-860x422.jpg 860w, https:\/\/elinformante.mx\/wp-content\/uploads\/2024\/09\/12capacitan-2.jpg 1140w\" sizes=\"(max-width: 1024px) 100vw, 1024px\" \/><\/figure>\n\n\n\n<p>Puntualiz\u00f3 que el conocimiento adquirido debe replicarse y aplicarse de forma responsable, adem\u00e1s de mantenerse en alerta preventiva, en todos los espacios en los que se puedan detectar personas contagiadas.<br><\/p>\n\n\n\n<p>Subray\u00f3 que el principal reto es la conectividad y facilidad de desplazamiento en todo el mundo, por lo que se implementan nuevas estrategias de atenci\u00f3n y prevenci\u00f3n, pero se hace frente a este desaf\u00edo y con El Poder de Servir, todos los d\u00edas se est\u00e1 en constante capacitaci\u00f3n para brindar atenci\u00f3n del m\u00e1s alto nivel, apegado a los est\u00e1ndares internacionales que marca la OMS.<br><\/p>\n\n\n\n<p>El curso cont\u00f3 con la participaci\u00f3n de 396 personas de manera presencial y virtual, entre los que destacan 263 m\u00e9dicos, 45 enfermeras y 88 miembros del personal del primero, segundo y tercer nivel de atenci\u00f3n del Instituto de Salud del Estado de M\u00e9xico (ISEM).<br><\/p>\n\n\n\n<p>Cabe destacar que, previamente, se dictaron seis conferencias por parte de especialistas de ISEM, el Instituto Materno Infantil del Estado de M\u00e9xico (IMIEM) y el Laboratorio Estatal de Salud P\u00fablica (LESP), quienes abordaron temas como \u201cToma de muestra, embalaje y env\u00edo al LESP\u201d, \u201cTratamiento\u201d y \u201cMedidas de prevenci\u00f3n\u201d, entre otras.<\/p>\n","protected":false},"excerpt":{"rendered":"<p>Se impartieron seis conferencias por parte de especialistas del ISEM, IMIEM y LESP, en las que participaron 396 trabajadores de salud. Para estar preparados ante la emergencia por Mpox (viruela s\u00edmica) y atender los casos que se presenten, la Secretar\u00eda de Salud, como instituci\u00f3n normativa y rectora en el Estado de M\u00e9xico, capacita al personal [&hellip;]<\/p>\n","protected":false},"author":1,"featured_media":63444,"comment_status":"closed","ping_status":"closed","sticky":false,"template":"","format":"standard","meta":{"footnotes":""},"categories":[36],"tags":[],"class_list":["post-63443","post","type-post","status-publish","format-standard","has-post-thumbnail","hentry","category-edomex"],"_links":{"self":[{"href":"https:\/\/elinformante.mx\/index.php?rest_route=\/wp\/v2\/posts\/63443","targetHints":{"allow":["GET"]}}],"collection":[{"href":"https:\/\/elinformante.mx\/index.php?rest_route=\/wp\/v2\/posts"}],"about":[{"href":"https:\/\/elinformante.mx\/index.php?rest_route=\/wp\/v2\/types\/post"}],"author":[{"embeddable":true,"href":"https:\/\/elinformante.mx\/index.php?rest_route=\/wp\/v2\/users\/1"}],"replies":[{"embeddable":true,"href":"https:\/\/elinformante.mx\/index.php?rest_route=%2Fwp%2Fv2%2Fcomments&post=63443"}],"version-history":[{"count":0,"href":"https:\/\/elinformante.mx\/index.php?rest_route=\/wp\/v2\/posts\/63443\/revisions"}],"wp:featuredmedia":[{"embeddable":true,"href":"https:\/\/elinformante.mx\/index.php?rest_route=\/wp\/v2\/media\/63444"}],"wp:attachment":[{"href":"https:\/\/elinformante.mx\/index.php?rest_route=%2Fwp%2Fv2%2Fmedia&parent=63443"}],"wp:term":[{"taxonomy":"category","embeddable":true,"href":"https:\/\/elinformante.mx\/index.php?rest_route=%2Fwp%2Fv2%2Fcategories&post=63443"},{"taxonomy":"post_tag","embeddable":true,"href":"https:\/\/elinformante.mx\/index.php?rest_route=%2Fwp%2Fv2%2Ftags&post=63443"}],"curies":[{"name":"wp","href":"https:\/\/api.w.org\/{rel}","templated":true}]}}