{"id":63447,"date":"2024-09-06T05:29:25","date_gmt":"2024-09-06T11:29:25","guid":{"rendered":"https:\/\/elinformante.mx\/?p=63447"},"modified":"2024-09-06T05:29:27","modified_gmt":"2024-09-06T11:29:27","slug":"se-amplia-el-plazo-para-participar-en-el-7o-festival-universitario-de-cortometraje","status":"publish","type":"post","link":"https:\/\/elinformante.mx\/?p=63447","title":{"rendered":"Se ampl\u00eda el plazo para participar en el 7\u00ba Festival Universitario de Cortometraje"},"content":{"rendered":"\n<blockquote class=\"wp-block-quote is-layout-flow wp-block-quote-is-layout-flow\">\n<p>Pueden los universitarios de 18 a 35 a\u00f1os registrar sus trabajos hasta el 27 de septiembre de este a\u00f1o.<\/p>\n<\/blockquote>\n\n\n\n<p>La Secretar\u00eda de Desarrollo Urbano e Infraestructura (Sedui) del Gobierno del Estado de M\u00e9xico informa que se ampl\u00eda al 27 de septiembre de este a\u00f1o, la convocatoria del 7\u00b0 Festival Universitario de Cortometraje \u201cMiradas de las Ciudades Mexiquenses\u201d para que m\u00e1s estudiantes tengan la oportunidad de enviar sus propuestas.<br><\/p>\n\n\n\n<p>Est\u00e1n invitados a participar, en forma individual o colectiva, todos los universitarios de 18 a 35 a\u00f1os que viven en el Estado de M\u00e9xico, sin importar el lugar donde se ubique su plantel universitario o la carrera que est\u00e9n cursando.<br><\/p>\n\n\n\n<figure class=\"wp-block-image size-large\"><img fetchpriority=\"high\" decoding=\"async\" width=\"1024\" height=\"503\" src=\"https:\/\/elinformante.mx\/wp-content\/uploads\/2024\/09\/12se-amplia-1024x503.jpg\" alt=\"\" class=\"wp-image-63449\" srcset=\"https:\/\/elinformante.mx\/wp-content\/uploads\/2024\/09\/12se-amplia-1024x503.jpg 1024w, https:\/\/elinformante.mx\/wp-content\/uploads\/2024\/09\/12se-amplia-300x147.jpg 300w, https:\/\/elinformante.mx\/wp-content\/uploads\/2024\/09\/12se-amplia-768x377.jpg 768w, https:\/\/elinformante.mx\/wp-content\/uploads\/2024\/09\/12se-amplia-580x285.jpg 580w, https:\/\/elinformante.mx\/wp-content\/uploads\/2024\/09\/12se-amplia-860x422.jpg 860w, https:\/\/elinformante.mx\/wp-content\/uploads\/2024\/09\/12se-amplia.jpg 1140w\" sizes=\"(max-width: 1024px) 100vw, 1024px\" \/><\/figure>\n\n\n\n<p>Este esfuerzo conjunto con la Facultad de Estudios Superiores (FES) Acatl\u00e1n de la UNAM, tiene el prop\u00f3sito de abrir un espacio para que los universitarios se expresen a trav\u00e9s del lenguaje cinematogr\u00e1fico, tomando como punto de partida el lema de esta edici\u00f3n: La juventud: hacia un mejor futuro urbano.<br><\/p>\n\n\n\n<p>Los interesados podr\u00e1n desarrollar o inspirarse en cuatro t\u00f3picos urbanos: Acciones comunitarias: barrios inclusivos y seguros; Movilidad y transporte: urbanizaci\u00f3n inclusiva; La era digital: tecnolog\u00eda y sostenibilidad; as\u00ed como Agenda verde: reducci\u00f3n del impacto ambiental.<br><\/p>\n\n\n\n<p>Premiar\u00e1n con 35 mil pesos el primero, 25 mil pesos el segundo y 20 mil pesos el tercer lugar, y la ceremonia de premiaci\u00f3n y proyecci\u00f3n de los cortometrajes ganadores se llevar\u00e1 a cabo el pr\u00f3ximo 22 de noviembre, en el Centro de Estudios Municipales y Metropolitanos, de la FES Acatl\u00e1n.<\/p>\n","protected":false},"excerpt":{"rendered":"<p>Pueden los universitarios de 18 a 35 a\u00f1os registrar sus trabajos hasta el 27 de septiembre de este a\u00f1o. La Secretar\u00eda de Desarrollo Urbano e Infraestructura (Sedui) del Gobierno del Estado de M\u00e9xico informa que se ampl\u00eda al 27 de septiembre de este a\u00f1o, la convocatoria del 7\u00b0 Festival Universitario de Cortometraje \u201cMiradas de las [&hellip;]<\/p>\n","protected":false},"author":1,"featured_media":63448,"comment_status":"closed","ping_status":"closed","sticky":false,"template":"","format":"standard","meta":{"footnotes":""},"categories":[30,36],"tags":[],"class_list":["post-63447","post","type-post","status-publish","format-standard","has-post-thumbnail","hentry","category-destacado","category-edomex"],"_links":{"self":[{"href":"https:\/\/elinformante.mx\/index.php?rest_route=\/wp\/v2\/posts\/63447","targetHints":{"allow":["GET"]}}],"collection":[{"href":"https:\/\/elinformante.mx\/index.php?rest_route=\/wp\/v2\/posts"}],"about":[{"href":"https:\/\/elinformante.mx\/index.php?rest_route=\/wp\/v2\/types\/post"}],"author":[{"embeddable":true,"href":"https:\/\/elinformante.mx\/index.php?rest_route=\/wp\/v2\/users\/1"}],"replies":[{"embeddable":true,"href":"https:\/\/elinformante.mx\/index.php?rest_route=%2Fwp%2Fv2%2Fcomments&post=63447"}],"version-history":[{"count":0,"href":"https:\/\/elinformante.mx\/index.php?rest_route=\/wp\/v2\/posts\/63447\/revisions"}],"wp:featuredmedia":[{"embeddable":true,"href":"https:\/\/elinformante.mx\/index.php?rest_route=\/wp\/v2\/media\/63448"}],"wp:attachment":[{"href":"https:\/\/elinformante.mx\/index.php?rest_route=%2Fwp%2Fv2%2Fmedia&parent=63447"}],"wp:term":[{"taxonomy":"category","embeddable":true,"href":"https:\/\/elinformante.mx\/index.php?rest_route=%2Fwp%2Fv2%2Fcategories&post=63447"},{"taxonomy":"post_tag","embeddable":true,"href":"https:\/\/elinformante.mx\/index.php?rest_route=%2Fwp%2Fv2%2Ftags&post=63447"}],"curies":[{"name":"wp","href":"https:\/\/api.w.org\/{rel}","templated":true}]}}