{"id":63451,"date":"2024-09-06T05:30:43","date_gmt":"2024-09-06T11:30:43","guid":{"rendered":"https:\/\/elinformante.mx\/?p=63451"},"modified":"2024-09-06T05:30:44","modified_gmt":"2024-09-06T11:30:44","slug":"san-mateo-atenco-celebra-fiestas-patrias-con-carrera-atletica","status":"publish","type":"post","link":"https:\/\/elinformante.mx\/?p=63451","title":{"rendered":"San Mateo Atenco celebra fiestas patrias con carrera atl\u00e9tica"},"content":{"rendered":"\n<blockquote class=\"wp-block-quote is-layout-flow wp-block-quote-is-layout-flow\">\n<p>Se abrieron 5 categor\u00edas para ramas femenil y varonil, las cuales incluyen infantil, juvenil, m\u00e1ster, veteranos y libre.<\/p>\n<\/blockquote>\n\n\n\n<p>El gobierno municipal de San Mateo Atenco, encabezado por Ana Mu\u00f1iz Neyra, y a trav\u00e9s del Instituto Municipal de la Juventud, iniciar\u00e1 la celebraci\u00f3n de las Fiestas Patrias con la gran Carrera Atl\u00e9tica \u201cS\u00ed por M\u00e9xico\u201d, el pr\u00f3ximo domingo 8 de septiembre.<br><\/p>\n\n\n\n<p>Con el objetivo permanente de promover el deporte y la actividad f\u00edsica de la ciudadan\u00eda, el gobierno municipal invita a toda la poblaci\u00f3n a participar en esta carrera donde podr\u00e1n participar desde ni\u00f1os hasta personas de la tercera edad.<br><\/p>\n\n\n\n<p>El punto de salida y meta ser\u00e1 la Plaza C\u00edvica Benito Ju\u00e1rez, ubicada frente al palacio municipal, y el recorrido, que ser\u00e1 de 5 kil\u00f3metros, se realizar\u00e1 por las principales calles del centro de San Mateo Atenco.<br><\/p>\n\n\n\n<figure class=\"wp-block-image size-large\"><img fetchpriority=\"high\" decoding=\"async\" width=\"1024\" height=\"503\" src=\"https:\/\/elinformante.mx\/wp-content\/uploads\/2024\/09\/11-san-mateo-2-1024x503.jpg\" alt=\"\" class=\"wp-image-63453\" srcset=\"https:\/\/elinformante.mx\/wp-content\/uploads\/2024\/09\/11-san-mateo-2-1024x503.jpg 1024w, https:\/\/elinformante.mx\/wp-content\/uploads\/2024\/09\/11-san-mateo-2-300x147.jpg 300w, https:\/\/elinformante.mx\/wp-content\/uploads\/2024\/09\/11-san-mateo-2-768x377.jpg 768w, https:\/\/elinformante.mx\/wp-content\/uploads\/2024\/09\/11-san-mateo-2-580x285.jpg 580w, https:\/\/elinformante.mx\/wp-content\/uploads\/2024\/09\/11-san-mateo-2-860x422.jpg 860w, https:\/\/elinformante.mx\/wp-content\/uploads\/2024\/09\/11-san-mateo-2.jpg 1140w\" sizes=\"(max-width: 1024px) 100vw, 1024px\" \/><\/figure>\n\n\n\n<p>Se abrieron 5 categor\u00edas para ramas femenil y varonil, las cuales incluyen infantil, juvenil, m\u00e1ster, veteranos y libre; la categor\u00eda infantil estar\u00e1 dividida en 5 subcategor\u00edas: 3 a 4 a\u00f1os (150 metros), 5 a 6 a\u00f1os (300 metros), 7 a 8 a\u00f1os (400 metros), 9 a 10 a\u00f1os (500 metros) y 11 a 13 a\u00f1os (700 metros).<br><\/p>\n\n\n\n<p>Ser\u00e1n premiados los cinco primeros lugares de cada categor\u00eda: del primero al tercero recibir\u00e1n dinero en efectivo y del cuarto al quinto se les obsequiar\u00e1 un regalo sorpresa.<br><\/p>\n\n\n\n<p>Para esta edici\u00f3n, se espera la participaci\u00f3n de 500 corredores aproximadamente; cada uno de los inscritos recibir\u00e1n n\u00famero, medalla, hidrataci\u00f3n y fruta. El gobierno municipal, a trav\u00e9s de la Direcci\u00f3n de Seguridad Humana y Orden Vial, mantendr\u00e1 un operativo especial permanente durante la carrera para la seguridad y tranquilidad de las y los competidores.<br><\/p>\n\n\n\n<p>Las autoridades invitaron a las y los participantes, a que lleguen media hora antes del arranque de la carrera, para que puedan formar parte de un calentamiento especial que se impartir\u00e1 minutos antes de la hora de salida.<\/p>\n","protected":false},"excerpt":{"rendered":"<p>Se abrieron 5 categor\u00edas para ramas femenil y varonil, las cuales incluyen infantil, juvenil, m\u00e1ster, veteranos y libre. El gobierno municipal de San Mateo Atenco, encabezado por Ana Mu\u00f1iz Neyra, y a trav\u00e9s del Instituto Municipal de la Juventud, iniciar\u00e1 la celebraci\u00f3n de las Fiestas Patrias con la gran Carrera Atl\u00e9tica \u201cS\u00ed por M\u00e9xico\u201d, el [&hellip;]<\/p>\n","protected":false},"author":1,"featured_media":63452,"comment_status":"closed","ping_status":"closed","sticky":false,"template":"","format":"standard","meta":{"footnotes":""},"categories":[36],"tags":[],"class_list":["post-63451","post","type-post","status-publish","format-standard","has-post-thumbnail","hentry","category-edomex"],"_links":{"self":[{"href":"https:\/\/elinformante.mx\/index.php?rest_route=\/wp\/v2\/posts\/63451","targetHints":{"allow":["GET"]}}],"collection":[{"href":"https:\/\/elinformante.mx\/index.php?rest_route=\/wp\/v2\/posts"}],"about":[{"href":"https:\/\/elinformante.mx\/index.php?rest_route=\/wp\/v2\/types\/post"}],"author":[{"embeddable":true,"href":"https:\/\/elinformante.mx\/index.php?rest_route=\/wp\/v2\/users\/1"}],"replies":[{"embeddable":true,"href":"https:\/\/elinformante.mx\/index.php?rest_route=%2Fwp%2Fv2%2Fcomments&post=63451"}],"version-history":[{"count":0,"href":"https:\/\/elinformante.mx\/index.php?rest_route=\/wp\/v2\/posts\/63451\/revisions"}],"wp:featuredmedia":[{"embeddable":true,"href":"https:\/\/elinformante.mx\/index.php?rest_route=\/wp\/v2\/media\/63452"}],"wp:attachment":[{"href":"https:\/\/elinformante.mx\/index.php?rest_route=%2Fwp%2Fv2%2Fmedia&parent=63451"}],"wp:term":[{"taxonomy":"category","embeddable":true,"href":"https:\/\/elinformante.mx\/index.php?rest_route=%2Fwp%2Fv2%2Fcategories&post=63451"},{"taxonomy":"post_tag","embeddable":true,"href":"https:\/\/elinformante.mx\/index.php?rest_route=%2Fwp%2Fv2%2Ftags&post=63451"}],"curies":[{"name":"wp","href":"https:\/\/api.w.org\/{rel}","templated":true}]}}