{"id":63455,"date":"2024-09-06T05:34:48","date_gmt":"2024-09-06T11:34:48","guid":{"rendered":"https:\/\/elinformante.mx\/?p=63455"},"modified":"2024-09-06T05:34:50","modified_gmt":"2024-09-06T11:34:50","slug":"reciben-en-zinacantepec-a-gloria-zarza-campeona-paralimpica","status":"publish","type":"post","link":"https:\/\/elinformante.mx\/?p=63455","title":{"rendered":"Reciben en Zinacantepec a Gloria Zarza, campeona paral\u00edmpica"},"content":{"rendered":"\n<blockquote class=\"wp-block-quote is-layout-flow wp-block-quote-is-layout-flow\">\n<p>La medallista paral\u00edmpica es recibida por las y los zinacantepequenses con mariachi, porras y l\u00e1grimas de emoci\u00f3n<\/p>\n<\/blockquote>\n\n\n\n<p>Con luces y banderas tricolor, m\u00fasica de mariachi, pirotecnia, gritos de \u201cs\u00ed se pudo\u201d, porras con su nombre, fue recibida esta noche en su tierra natal la medallista de oro en los Juegos Paral\u00edmpicos de Par\u00eds 2024, Gloria Zarza Guadarrama, despu\u00e9s de su arribo a M\u00e9xico.<br><\/p>\n\n\n\n<figure class=\"wp-block-image size-large\"><img fetchpriority=\"high\" decoding=\"async\" width=\"1024\" height=\"503\" src=\"https:\/\/elinformante.mx\/wp-content\/uploads\/2024\/09\/11zina-3-1024x503.jpg\" alt=\"\" class=\"wp-image-63457\" srcset=\"https:\/\/elinformante.mx\/wp-content\/uploads\/2024\/09\/11zina-3-1024x503.jpg 1024w, https:\/\/elinformante.mx\/wp-content\/uploads\/2024\/09\/11zina-3-300x147.jpg 300w, https:\/\/elinformante.mx\/wp-content\/uploads\/2024\/09\/11zina-3-768x377.jpg 768w, https:\/\/elinformante.mx\/wp-content\/uploads\/2024\/09\/11zina-3-580x285.jpg 580w, https:\/\/elinformante.mx\/wp-content\/uploads\/2024\/09\/11zina-3-860x422.jpg 860w, https:\/\/elinformante.mx\/wp-content\/uploads\/2024\/09\/11zina-3.jpg 1140w\" sizes=\"(max-width: 1024px) 100vw, 1024px\" \/><\/figure>\n\n\n\n<p>El presidente municipal de Zinacantepec, Manuel Vilchis Viveros, acompa\u00f1ado de familiares, amigos y vecinos de la atleta, oriunda del Barrio de la Veracruz, arroparon a la campeona, quien ha puesto en alto el nombre de M\u00e9xico, quien logr\u00f3 que el Himno Nacional Mexicano sonar\u00e1 a todo lo alto, al ganar la prueba en lanzamiento de peso F54 de discapacitados f\u00edsicos.<br><\/p>\n\n\n\n<p>Por su parte Zarza Guadarrama, en su mensaje extern\u00f3 \u201c\u2026mi pr\u00f3xima meta, ser\u00e1 trabajar para lograr romper el r\u00e9cord ol\u00edmpico, segura estoy de poder impulsar el deporte en mi municipio y en general en el pa\u00eds, estoy orgullosa de ser zinacantepequenses, de ser un ejemplo para las futuras generaciones\u201d.<br><\/p>\n\n\n\n<figure class=\"wp-block-image size-large\"><img decoding=\"async\" width=\"1024\" height=\"503\" src=\"https:\/\/elinformante.mx\/wp-content\/uploads\/2024\/09\/11zina-2-1-1024x503.jpg\" alt=\"\" class=\"wp-image-63458\" srcset=\"https:\/\/elinformante.mx\/wp-content\/uploads\/2024\/09\/11zina-2-1-1024x503.jpg 1024w, https:\/\/elinformante.mx\/wp-content\/uploads\/2024\/09\/11zina-2-1-300x147.jpg 300w, https:\/\/elinformante.mx\/wp-content\/uploads\/2024\/09\/11zina-2-1-768x377.jpg 768w, https:\/\/elinformante.mx\/wp-content\/uploads\/2024\/09\/11zina-2-1-580x285.jpg 580w, https:\/\/elinformante.mx\/wp-content\/uploads\/2024\/09\/11zina-2-1-860x422.jpg 860w, https:\/\/elinformante.mx\/wp-content\/uploads\/2024\/09\/11zina-2-1.jpg 1140w\" sizes=\"(max-width: 1024px) 100vw, 1024px\" \/><\/figure>\n\n\n\n<p>En el marco del evento el alcalde se comprometi\u00f3 a crear la unidad administrativa para el \u201cDeporte Adaptado\u201d, la cual ser\u00e1 dirigida por Gloria Zarza Guadarrama, adem\u00e1s de que en honor a la deportista se colocar\u00e1 un busto en el Jard\u00edn Constituci\u00f3n donde se reconoce a las y los personajes ilustres del municipio.<br><\/p>\n\n\n\n<p>La deportista arrib\u00f3 a Zinacantepec pasadas las 21:00 horas, y aunque ven\u00eda de un largo viaje desde Francia, se dej\u00f3 querer por los suyos, se tom\u00f3 fotograf\u00edas y en todo momento luci\u00f3 esa presea de oro por la que trabaj\u00f3 los \u00faltimos a\u00f1os.<\/p>\n","protected":false},"excerpt":{"rendered":"<p>La medallista paral\u00edmpica es recibida por las y los zinacantepequenses con mariachi, porras y l\u00e1grimas de emoci\u00f3n Con luces y banderas tricolor, m\u00fasica de mariachi, pirotecnia, gritos de \u201cs\u00ed se pudo\u201d, porras con su nombre, fue recibida esta noche en su tierra natal la medallista de oro en los Juegos Paral\u00edmpicos de Par\u00eds 2024, Gloria [&hellip;]<\/p>\n","protected":false},"author":1,"featured_media":63456,"comment_status":"closed","ping_status":"closed","sticky":false,"template":"","format":"standard","meta":{"footnotes":""},"categories":[30,36],"tags":[],"class_list":["post-63455","post","type-post","status-publish","format-standard","has-post-thumbnail","hentry","category-destacado","category-edomex"],"_links":{"self":[{"href":"https:\/\/elinformante.mx\/index.php?rest_route=\/wp\/v2\/posts\/63455","targetHints":{"allow":["GET"]}}],"collection":[{"href":"https:\/\/elinformante.mx\/index.php?rest_route=\/wp\/v2\/posts"}],"about":[{"href":"https:\/\/elinformante.mx\/index.php?rest_route=\/wp\/v2\/types\/post"}],"author":[{"embeddable":true,"href":"https:\/\/elinformante.mx\/index.php?rest_route=\/wp\/v2\/users\/1"}],"replies":[{"embeddable":true,"href":"https:\/\/elinformante.mx\/index.php?rest_route=%2Fwp%2Fv2%2Fcomments&post=63455"}],"version-history":[{"count":0,"href":"https:\/\/elinformante.mx\/index.php?rest_route=\/wp\/v2\/posts\/63455\/revisions"}],"wp:featuredmedia":[{"embeddable":true,"href":"https:\/\/elinformante.mx\/index.php?rest_route=\/wp\/v2\/media\/63456"}],"wp:attachment":[{"href":"https:\/\/elinformante.mx\/index.php?rest_route=%2Fwp%2Fv2%2Fmedia&parent=63455"}],"wp:term":[{"taxonomy":"category","embeddable":true,"href":"https:\/\/elinformante.mx\/index.php?rest_route=%2Fwp%2Fv2%2Fcategories&post=63455"},{"taxonomy":"post_tag","embeddable":true,"href":"https:\/\/elinformante.mx\/index.php?rest_route=%2Fwp%2Fv2%2Ftags&post=63455"}],"curies":[{"name":"wp","href":"https:\/\/api.w.org\/{rel}","templated":true}]}}