{"id":63490,"date":"2024-09-06T06:36:23","date_gmt":"2024-09-06T12:36:23","guid":{"rendered":"https:\/\/elinformante.mx\/?p=63490"},"modified":"2024-09-06T06:36:23","modified_gmt":"2024-09-06T12:36:23","slug":"poder-judicial-de-la-cdmx-apoya-la-reforma-judicial","status":"publish","type":"post","link":"https:\/\/elinformante.mx\/?p=63490","title":{"rendered":"Poder Judicial de la CDMX apoya la Reforma Judicial"},"content":{"rendered":"\n<blockquote class=\"wp-block-quote is-layout-flow wp-block-quote-is-layout-flow\">\n<p>Indicaron que la renovaci\u00f3n de los cargos de las personas juzgadoras comenzar\u00eda el pr\u00f3ximo a\u00f1o.<\/p>\n<\/blockquote>\n\n\n\n<p>El Poder Judicial de la Ciudad de M\u00e9xico expres\u00f3 su respaldo a la Reforma Judicial y se\u00f1al\u00f3 la importancia del di\u00e1logo y la coordinaci\u00f3n con el Poder Ejecutivo y Legislativo.<br><\/p>\n\n\n\n<p>A trav\u00e9s de un comunicado, afirmaron que se opt\u00f3 por construir un canal de comunicaci\u00f3n con el Poder Ejecutivo y con el Legislativo Federales, que nos ha garantizado un di\u00e1logo respetuoso y abierto.<br><\/p>\n\n\n\n<p>Este di\u00e1logo permiti\u00f3 que sus preocupaciones fueran escuchadas y que sus propuestas fueran incluidas en la Reforma Constitucional.<br><\/p>\n\n\n\n<p>El Poder Judicial de la Ciudad de M\u00e9xico asegur\u00f3 que durante el Primer Di\u00e1logo Nacional para la Reforma del Poder Judicial, realizado el 27 de junio, propusieron que la elecci\u00f3n por voto popular en las Entidades Federativas fuera gradual.<br><\/p>\n\n\n\n<p>Respecto a la implementaci\u00f3n de la reforma en la Ciudad de M\u00e9xico, indicaron que la renovaci\u00f3n de los cargos de las personas juzgadoras comenzar\u00eda el pr\u00f3ximo a\u00f1o, en que ser\u00e1n sometidas a elecci\u00f3n popular \u00fanicamente las plazas disponibles, con lo que se respetan los derechos de las personas Magistradas y Juezas.<br><\/p>\n\n\n\n<p>Esta implementaci\u00f3n deber\u00e1 concluir en el a\u00f1o 2027, en los t\u00e9rminos que la ciudad determine.<br><\/p>\n\n\n\n<p>Asimismo, en su comunicado el Poder Judicial de la Ciudad de M\u00e9xico respald\u00f3 que los derechos laborales de las personas trabajadoras del Poder Judicial de la Federaci\u00f3n y de las entidades federativas ser\u00e1n respetados en su totalidad, conforme lo establece el art\u00edculo d\u00e9cimo transitorio del dictamen aprobado por la C\u00e1mara de Diputados.<br><\/p>\n\n\n\n<p>\u201cLa coordinaci\u00f3n con el Poder Ejecutivo y el poder Legislativo Federales, sent\u00f3 las bases de un di\u00e1logo permanente y respetuoso, lo que nos permite ahora trabajar en la Constituci\u00f3n y Leyes Locales, para materializar que la implementaci\u00f3n de la Reforma Judicial proteja los derechos de todo el personal de la Ciudad de M\u00e9xico\u201d.<br><\/p>\n\n\n\n<p>El Poder Judicial de la Ciudad de M\u00e9xico hizo un llamado a la unidad, afirmando que la uni\u00f3n nos fortalece, la confianza nos consolida, y destac\u00f3 que el \u00e9xito de la reforma depende de la participaci\u00f3n y el apoyo de todos.<\/p>\n","protected":false},"excerpt":{"rendered":"<p>Indicaron que la renovaci\u00f3n de los cargos de las personas juzgadoras comenzar\u00eda el pr\u00f3ximo a\u00f1o. El Poder Judicial de la Ciudad de M\u00e9xico expres\u00f3 su respaldo a la Reforma Judicial y se\u00f1al\u00f3 la importancia del di\u00e1logo y la coordinaci\u00f3n con el Poder Ejecutivo y Legislativo. A trav\u00e9s de un comunicado, afirmaron que se opt\u00f3 por [&hellip;]<\/p>\n","protected":false},"author":1,"featured_media":63491,"comment_status":"closed","ping_status":"closed","sticky":false,"template":"","format":"standard","meta":{"footnotes":""},"categories":[35],"tags":[],"class_list":["post-63490","post","type-post","status-publish","format-standard","has-post-thumbnail","hentry","category-cdmx"],"_links":{"self":[{"href":"https:\/\/elinformante.mx\/index.php?rest_route=\/wp\/v2\/posts\/63490","targetHints":{"allow":["GET"]}}],"collection":[{"href":"https:\/\/elinformante.mx\/index.php?rest_route=\/wp\/v2\/posts"}],"about":[{"href":"https:\/\/elinformante.mx\/index.php?rest_route=\/wp\/v2\/types\/post"}],"author":[{"embeddable":true,"href":"https:\/\/elinformante.mx\/index.php?rest_route=\/wp\/v2\/users\/1"}],"replies":[{"embeddable":true,"href":"https:\/\/elinformante.mx\/index.php?rest_route=%2Fwp%2Fv2%2Fcomments&post=63490"}],"version-history":[{"count":0,"href":"https:\/\/elinformante.mx\/index.php?rest_route=\/wp\/v2\/posts\/63490\/revisions"}],"wp:featuredmedia":[{"embeddable":true,"href":"https:\/\/elinformante.mx\/index.php?rest_route=\/wp\/v2\/media\/63491"}],"wp:attachment":[{"href":"https:\/\/elinformante.mx\/index.php?rest_route=%2Fwp%2Fv2%2Fmedia&parent=63490"}],"wp:term":[{"taxonomy":"category","embeddable":true,"href":"https:\/\/elinformante.mx\/index.php?rest_route=%2Fwp%2Fv2%2Fcategories&post=63490"},{"taxonomy":"post_tag","embeddable":true,"href":"https:\/\/elinformante.mx\/index.php?rest_route=%2Fwp%2Fv2%2Ftags&post=63490"}],"curies":[{"name":"wp","href":"https:\/\/api.w.org\/{rel}","templated":true}]}}