{"id":63497,"date":"2024-09-06T06:39:51","date_gmt":"2024-09-06T12:39:51","guid":{"rendered":"https:\/\/elinformante.mx\/?p=63497"},"modified":"2024-09-06T06:39:52","modified_gmt":"2024-09-06T12:39:52","slug":"sin-posibilidad-de-echar-para-atras-la-reforma-judicial-sheinbaum","status":"publish","type":"post","link":"https:\/\/elinformante.mx\/?p=63497","title":{"rendered":"Sin posibilidad de echar para atr\u00e1s la Reforma Judicial: Sheinbaum"},"content":{"rendered":"\n<blockquote class=\"wp-block-quote is-layout-flow wp-block-quote-is-layout-flow\">\n<p>La presidenta electa afirm\u00f3 que al ser electos los jueces, ministros y magistrados por el pueblo existe m\u00e1s democracia y m\u00e1s independencia en el Poder Judicial<\/p>\n<\/blockquote>\n\n\n\n<p>Claudia Sheinbaum Pardo, presidenta electa, afirm\u00f3 que no se echar\u00e1 para atr\u00e1s la reforma judicial, ya que es la voluntad del pueblo de M\u00e9xico.<br><\/p>\n\n\n\n<p>A pregunta expresa, Sheinbaum se manifest\u00f3 intrigada en como una peque\u00f1a cantidad de personas podr\u00e1n hecha para atr\u00e1s la voluntad del pueblo de M\u00e9xico.<br><\/p>\n\n\n\n<p>Sheinbaum Pardo resalt\u00f3 que jueces, ministros y magistrados sean elegidos por la ciudadan\u00eda significa que existe m\u00e1s democracia y m\u00e1s independencia en el Poder Judicial.<br><\/p>\n\n\n\n<p>Respecto a la jueza de Morelos, Martha Eugenia Maga\u00f1a L\u00f3pez, que otorg\u00f3 una suspensi\u00f3n definitiva contra la reforma judicial, Sheinbaum se\u00f1al\u00f3 que el fallo no tiene ning\u00fan sustento, ya que quienes deciden si pasa o no una reforma constitucional son los diputados y los senadores.<br><\/p>\n\n\n\n<p>\u201cComo dice la constituci\u00f3n, desde el 39, que la soberan\u00eda reside en el pueblo. Pero, el \u00fanico que tiene atribuci\u00f3n para cambiar la Constituci\u00f3n, es el constituyente, que en nuestro pa\u00eds son dos terceras partes de la C\u00e1mara de Diputados, de senadores y las mayor\u00edas de los congresos locales\u201d.<br><\/p>\n\n\n\n<p>La senadora de Morena, Ernestina Godoy, presidenta de la Comisi\u00f3n de Puntos Constitucionales, inform\u00f3 que la reforma judicial se dictaminar\u00e1 el pr\u00f3ximo domingo.<\/p>\n","protected":false},"excerpt":{"rendered":"<p>La presidenta electa afirm\u00f3 que al ser electos los jueces, ministros y magistrados por el pueblo existe m\u00e1s democracia y m\u00e1s independencia en el Poder Judicial Claudia Sheinbaum Pardo, presidenta electa, afirm\u00f3 que no se echar\u00e1 para atr\u00e1s la reforma judicial, ya que es la voluntad del pueblo de M\u00e9xico. A pregunta expresa, Sheinbaum se [&hellip;]<\/p>\n","protected":false},"author":1,"featured_media":63498,"comment_status":"closed","ping_status":"closed","sticky":false,"template":"","format":"standard","meta":{"footnotes":""},"categories":[34],"tags":[],"class_list":["post-63497","post","type-post","status-publish","format-standard","has-post-thumbnail","hentry","category-nacional"],"_links":{"self":[{"href":"https:\/\/elinformante.mx\/index.php?rest_route=\/wp\/v2\/posts\/63497","targetHints":{"allow":["GET"]}}],"collection":[{"href":"https:\/\/elinformante.mx\/index.php?rest_route=\/wp\/v2\/posts"}],"about":[{"href":"https:\/\/elinformante.mx\/index.php?rest_route=\/wp\/v2\/types\/post"}],"author":[{"embeddable":true,"href":"https:\/\/elinformante.mx\/index.php?rest_route=\/wp\/v2\/users\/1"}],"replies":[{"embeddable":true,"href":"https:\/\/elinformante.mx\/index.php?rest_route=%2Fwp%2Fv2%2Fcomments&post=63497"}],"version-history":[{"count":0,"href":"https:\/\/elinformante.mx\/index.php?rest_route=\/wp\/v2\/posts\/63497\/revisions"}],"wp:featuredmedia":[{"embeddable":true,"href":"https:\/\/elinformante.mx\/index.php?rest_route=\/wp\/v2\/media\/63498"}],"wp:attachment":[{"href":"https:\/\/elinformante.mx\/index.php?rest_route=%2Fwp%2Fv2%2Fmedia&parent=63497"}],"wp:term":[{"taxonomy":"category","embeddable":true,"href":"https:\/\/elinformante.mx\/index.php?rest_route=%2Fwp%2Fv2%2Fcategories&post=63497"},{"taxonomy":"post_tag","embeddable":true,"href":"https:\/\/elinformante.mx\/index.php?rest_route=%2Fwp%2Fv2%2Ftags&post=63497"}],"curies":[{"name":"wp","href":"https:\/\/api.w.org\/{rel}","templated":true}]}}