{"id":63902,"date":"2024-09-12T06:47:24","date_gmt":"2024-09-12T12:47:24","guid":{"rendered":"https:\/\/elinformante.mx\/?p=63902"},"modified":"2024-09-12T06:47:25","modified_gmt":"2024-09-12T12:47:25","slug":"detienen-a-tres-sujetos-acusados-de-secuestro","status":"publish","type":"post","link":"https:\/\/elinformante.mx\/?p=63902","title":{"rendered":"Detienen a tres sujetos acusados de secuestro"},"content":{"rendered":"\n<blockquote class=\"wp-block-quote is-layout-flow wp-block-quote-is-layout-flow\">\n<p>Los detenidos habr\u00edan privado de la libertad a un masculino, el pasado 7 de julio en el municipio de Nezahualc\u00f3yotl.<\/p>\n<\/blockquote>\n\n\n\n<p>La FGJEM, en conjunto con la SSPC, a trav\u00e9s de la CONASE, aprehendieron a Rogelio \u201cN\u201d, C\u00e9sar \u201cN\u201d y Javier \u201cN\u201d, quienes son investigados por su probable intervenci\u00f3n en el delito de secuestro cometido en agravio de un hombre, en este municipio.<br><\/p>\n\n\n\n<p>Estos individuos fueron detenidos en acciones simult\u00e1neas llevadas a cabo en las colonias La Esperanza y Benito Ju\u00e1rez, e ingresados al Centro Penitenciario y de Reinserci\u00f3n Social de Nezahualc\u00f3yotl, a disposici\u00f3n de un Juez quien habr\u00e1 de determinar su situaci\u00f3n jur\u00eddica.<br><\/p>\n\n\n\n<p>Los hechos se registraron el 7 de julio pasado, en la colonia Centro del municipio de Nezahualc\u00f3yotl, donde los tres probables implicados interceptaron a la v\u00edctima, quien viajaba a bordo de un veh\u00edculo, la sometieron y privaron de la libertad, posteriormente se comunicaron con los familiares de esta persona, a quienes presumiblemente les exigieron dinero a cambio de liberarla.<br><\/p>\n\n\n\n<p>El hombre secuestrado fue liberado y denunci\u00f3 los hechos ante la Fiscal\u00eda mexiquense, por ello fue iniciada una indagatoria y llevados a cabo actos de investigaci\u00f3n de gabinete y campo, con los cuales se identific\u00f3 a los probables implicados.<br><\/p>\n\n\n\n<p>La Autoridad Judicial libro la orden de aprehensi\u00f3n contra estos tres individuos, mandamiento judicial que fue otorgado y cumplimentado por elementos de la Polic\u00eda de Investigaci\u00f3n, as\u00ed como de la CONASE, de la Secretar\u00eda de Seguridad y Protecci\u00f3n Ciudadana del Gobierno de M\u00e9xico.<\/p>\n","protected":false},"excerpt":{"rendered":"<p>Los detenidos habr\u00edan privado de la libertad a un masculino, el pasado 7 de julio en el municipio de Nezahualc\u00f3yotl. La FGJEM, en conjunto con la SSPC, a trav\u00e9s de la CONASE, aprehendieron a Rogelio \u201cN\u201d, C\u00e9sar \u201cN\u201d y Javier \u201cN\u201d, quienes son investigados por su probable intervenci\u00f3n en el delito de secuestro cometido en [&hellip;]<\/p>\n","protected":false},"author":1,"featured_media":63904,"comment_status":"closed","ping_status":"closed","sticky":false,"template":"","format":"standard","meta":{"footnotes":""},"categories":[36,37],"tags":[],"class_list":["post-63902","post","type-post","status-publish","format-standard","has-post-thumbnail","hentry","category-edomex","category-justicia"],"_links":{"self":[{"href":"https:\/\/elinformante.mx\/index.php?rest_route=\/wp\/v2\/posts\/63902","targetHints":{"allow":["GET"]}}],"collection":[{"href":"https:\/\/elinformante.mx\/index.php?rest_route=\/wp\/v2\/posts"}],"about":[{"href":"https:\/\/elinformante.mx\/index.php?rest_route=\/wp\/v2\/types\/post"}],"author":[{"embeddable":true,"href":"https:\/\/elinformante.mx\/index.php?rest_route=\/wp\/v2\/users\/1"}],"replies":[{"embeddable":true,"href":"https:\/\/elinformante.mx\/index.php?rest_route=%2Fwp%2Fv2%2Fcomments&post=63902"}],"version-history":[{"count":0,"href":"https:\/\/elinformante.mx\/index.php?rest_route=\/wp\/v2\/posts\/63902\/revisions"}],"wp:featuredmedia":[{"embeddable":true,"href":"https:\/\/elinformante.mx\/index.php?rest_route=\/wp\/v2\/media\/63904"}],"wp:attachment":[{"href":"https:\/\/elinformante.mx\/index.php?rest_route=%2Fwp%2Fv2%2Fmedia&parent=63902"}],"wp:term":[{"taxonomy":"category","embeddable":true,"href":"https:\/\/elinformante.mx\/index.php?rest_route=%2Fwp%2Fv2%2Fcategories&post=63902"},{"taxonomy":"post_tag","embeddable":true,"href":"https:\/\/elinformante.mx\/index.php?rest_route=%2Fwp%2Fv2%2Ftags&post=63902"}],"curies":[{"name":"wp","href":"https:\/\/api.w.org\/{rel}","templated":true}]}}