{"id":63909,"date":"2024-09-12T06:49:42","date_gmt":"2024-09-12T12:49:42","guid":{"rendered":"https:\/\/elinformante.mx\/?p=63909"},"modified":"2024-09-12T06:49:43","modified_gmt":"2024-09-12T12:49:43","slug":"aprehenden-a-sujeto-acusado-de-homicidio-en-ecatepec","status":"publish","type":"post","link":"https:\/\/elinformante.mx\/?p=63909","title":{"rendered":"Aprehenden a sujeto acusado de homicidio en Ecatepec"},"content":{"rendered":"\n<blockquote class=\"wp-block-quote is-layout-flow wp-block-quote-is-layout-flow\">\n<p>El detenido al parecer era integrante de un grupo delictivo generador de violencia en esta regi\u00f3n de la entidad.<\/p>\n<\/blockquote>\n\n\n\n<p>Agentes de la FGJEM, en conjunto con elementos de la SSP, a trav\u00e9s de la Comisi\u00f3n Nacional Antihomicidio (CONAHO), aprehendieron a Oscar Jumiel \u201cN\u201d, quien es investigado por su posible intervenci\u00f3n en el delito de homicidio calificado.<br><\/p>\n\n\n\n<p>El pasado 2 de julio, cuando Oscar Jumiel \u201cN\u201d, en complicidad de un masculino y una femenina identificada como Maribel \u201cN\u201d, alias \u201cLa Borrega\u201d, se encontraban en la calle Tepochcalli, de la colonia Ciudad Cuauht\u00e9moc, en Ecatepec, donde presuntamente privaron de la vida a un individuo.<br><\/p>\n\n\n\n<p>La investigaci\u00f3n precis\u00f3 que el d\u00eda de los hechos, Maribel \u201cN\u201d, sac\u00f3 un arma de fuego, la cual habr\u00eda entregado a uno de sus c\u00f3mplices, quien presumiblemente la deton\u00f3 en contra de la v\u00edctima y luego huyeron del lugar.<br><\/p>\n\n\n\n<p>Con la investigaci\u00f3n fue posible identificar a Oscar Jumiel \u201cN\u201d, como probable implicado en los hechos, por ello el Representante Social solicit\u00f3 a la Autoridad Judicial librar orden de aprehensi\u00f3n contra este individuo, quien fue ingresado al Centro Penitenciario y de Reinserci\u00f3n Social de la zona, a disposici\u00f3n de la Autoridad Judicial, quien habr\u00e1 de determinar su situaci\u00f3n jur\u00eddica.<br><\/p>\n\n\n\n<p>Se determin\u00f3 que este sujeto pod\u00eda ser integrante de un grupo delictivo dedicado a la venta de narc\u00f3ticos en este municipio, adem\u00e1s el pasado mes de julio la Fiscal\u00eda mexiquense obtuvo vinculaci\u00f3n a proceso contra Maribel \u201cN\u201d, alias \u201cLa Borrega\u201d, quien de igual forma habr\u00eda intervenido en los hechos.<\/p>\n","protected":false},"excerpt":{"rendered":"<p>El detenido al parecer era integrante de un grupo delictivo generador de violencia en esta regi\u00f3n de la entidad. Agentes de la FGJEM, en conjunto con elementos de la SSP, a trav\u00e9s de la Comisi\u00f3n Nacional Antihomicidio (CONAHO), aprehendieron a Oscar Jumiel \u201cN\u201d, quien es investigado por su posible intervenci\u00f3n en el delito de homicidio [&hellip;]<\/p>\n","protected":false},"author":1,"featured_media":63910,"comment_status":"closed","ping_status":"closed","sticky":false,"template":"","format":"standard","meta":{"footnotes":""},"categories":[30,36,37],"tags":[],"class_list":["post-63909","post","type-post","status-publish","format-standard","has-post-thumbnail","hentry","category-destacado","category-edomex","category-justicia"],"_links":{"self":[{"href":"https:\/\/elinformante.mx\/index.php?rest_route=\/wp\/v2\/posts\/63909","targetHints":{"allow":["GET"]}}],"collection":[{"href":"https:\/\/elinformante.mx\/index.php?rest_route=\/wp\/v2\/posts"}],"about":[{"href":"https:\/\/elinformante.mx\/index.php?rest_route=\/wp\/v2\/types\/post"}],"author":[{"embeddable":true,"href":"https:\/\/elinformante.mx\/index.php?rest_route=\/wp\/v2\/users\/1"}],"replies":[{"embeddable":true,"href":"https:\/\/elinformante.mx\/index.php?rest_route=%2Fwp%2Fv2%2Fcomments&post=63909"}],"version-history":[{"count":0,"href":"https:\/\/elinformante.mx\/index.php?rest_route=\/wp\/v2\/posts\/63909\/revisions"}],"wp:featuredmedia":[{"embeddable":true,"href":"https:\/\/elinformante.mx\/index.php?rest_route=\/wp\/v2\/media\/63910"}],"wp:attachment":[{"href":"https:\/\/elinformante.mx\/index.php?rest_route=%2Fwp%2Fv2%2Fmedia&parent=63909"}],"wp:term":[{"taxonomy":"category","embeddable":true,"href":"https:\/\/elinformante.mx\/index.php?rest_route=%2Fwp%2Fv2%2Fcategories&post=63909"},{"taxonomy":"post_tag","embeddable":true,"href":"https:\/\/elinformante.mx\/index.php?rest_route=%2Fwp%2Fv2%2Ftags&post=63909"}],"curies":[{"name":"wp","href":"https:\/\/api.w.org\/{rel}","templated":true}]}}