{"id":64499,"date":"2024-09-20T06:24:29","date_gmt":"2024-09-20T12:24:29","guid":{"rendered":"https:\/\/elinformante.mx\/?p=64499"},"modified":"2024-09-20T06:24:30","modified_gmt":"2024-09-20T12:24:30","slug":"detienen-a-dos-probables-implicados-en-un-homicidio-ocurrido-en-la-paz","status":"publish","type":"post","link":"https:\/\/elinformante.mx\/?p=64499","title":{"rendered":"Detienen a dos probables implicados en un homicidio ocurrido en La Paz"},"content":{"rendered":"\n<blockquote class=\"wp-block-quote is-layout-flow wp-block-quote-is-layout-flow\">\n<p>El pasado 14 de julio, ambos individuos habr\u00edan agredido f\u00edsicamente a un masculino, ocasion\u00e1ndole la muerte.<\/p>\n<\/blockquote>\n\n\n\n<p>Agentes de la FGJEM, en conjunto con la SSEM, aprehendieron a Jos\u00e9 Israel \u201cN\u201d y Jes\u00fas Daniel \u201cN\u201d, se\u00f1alados por su probable intervenci\u00f3n en el delito de homicidio calificado en agravio de un masculino en esta demarcaci\u00f3n.<br><\/p>\n\n\n\n<p>Ambos individuos son indagados por hechos registrados el pasado 14 de julio, en la calle Vicente Guerrero, de la colonia San Sebasti\u00e1n Chimalpa en el municipio de La Paz, donde habr\u00edan agredido f\u00edsicamente a la v\u00edctima caus\u00e1ndole la muerte.<br><\/p>\n\n\n\n<p>La v\u00edctima se encontraba en la v\u00eda p\u00fablica y al lugar arribaron los probables implicados, quienes en un primer momento la habr\u00edan agredido verbalmente, para luego presumiblemente golpearlo y patearlo en diversas ocasiones; Jos\u00e9 Israel \u201cN\u201d y Jes\u00fas Daniel \u201cN\u201d, despu\u00e9s huyeron a bordo de motocicletas.<br><\/p>\n\n\n\n<p>Tras las investigaciones fue posible identificar a los probables implicados, contra quienes fue solicitada librar orden de aprehensi\u00f3n en su contra.<br><\/p>\n\n\n\n<p>Estos individuos fueron detenidos en el municipio de Nezahualc\u00f3yotl e ingresado al Centro Penitenciario y de Reinserci\u00f3n Social de la zona, a disposici\u00f3n del \u00d3rgano Jurisdiccional, quien habr\u00e1 de determinar su situaci\u00f3n jur\u00eddica, no obstante, deben ser considerados inocentes hasta que sea dictada una sentencia condenatoria en su contra.<\/p>\n","protected":false},"excerpt":{"rendered":"<p>El pasado 14 de julio, ambos individuos habr\u00edan agredido f\u00edsicamente a un masculino, ocasion\u00e1ndole la muerte. Agentes de la FGJEM, en conjunto con la SSEM, aprehendieron a Jos\u00e9 Israel \u201cN\u201d y Jes\u00fas Daniel \u201cN\u201d, se\u00f1alados por su probable intervenci\u00f3n en el delito de homicidio calificado en agravio de un masculino en esta demarcaci\u00f3n. Ambos individuos [&hellip;]<\/p>\n","protected":false},"author":1,"featured_media":64500,"comment_status":"closed","ping_status":"closed","sticky":false,"template":"","format":"standard","meta":{"footnotes":""},"categories":[36,37],"tags":[],"class_list":["post-64499","post","type-post","status-publish","format-standard","has-post-thumbnail","hentry","category-edomex","category-justicia"],"_links":{"self":[{"href":"https:\/\/elinformante.mx\/index.php?rest_route=\/wp\/v2\/posts\/64499","targetHints":{"allow":["GET"]}}],"collection":[{"href":"https:\/\/elinformante.mx\/index.php?rest_route=\/wp\/v2\/posts"}],"about":[{"href":"https:\/\/elinformante.mx\/index.php?rest_route=\/wp\/v2\/types\/post"}],"author":[{"embeddable":true,"href":"https:\/\/elinformante.mx\/index.php?rest_route=\/wp\/v2\/users\/1"}],"replies":[{"embeddable":true,"href":"https:\/\/elinformante.mx\/index.php?rest_route=%2Fwp%2Fv2%2Fcomments&post=64499"}],"version-history":[{"count":0,"href":"https:\/\/elinformante.mx\/index.php?rest_route=\/wp\/v2\/posts\/64499\/revisions"}],"wp:featuredmedia":[{"embeddable":true,"href":"https:\/\/elinformante.mx\/index.php?rest_route=\/wp\/v2\/media\/64500"}],"wp:attachment":[{"href":"https:\/\/elinformante.mx\/index.php?rest_route=%2Fwp%2Fv2%2Fmedia&parent=64499"}],"wp:term":[{"taxonomy":"category","embeddable":true,"href":"https:\/\/elinformante.mx\/index.php?rest_route=%2Fwp%2Fv2%2Fcategories&post=64499"},{"taxonomy":"post_tag","embeddable":true,"href":"https:\/\/elinformante.mx\/index.php?rest_route=%2Fwp%2Fv2%2Ftags&post=64499"}],"curies":[{"name":"wp","href":"https:\/\/api.w.org\/{rel}","templated":true}]}}