{"id":64529,"date":"2024-09-20T06:43:04","date_gmt":"2024-09-20T12:43:04","guid":{"rendered":"https:\/\/elinformante.mx\/?p=64529"},"modified":"2024-09-20T06:43:06","modified_gmt":"2024-09-20T12:43:06","slug":"lerma-se-sumo-al-simulacro-nacional-2024","status":"publish","type":"post","link":"https:\/\/elinformante.mx\/?p=64529","title":{"rendered":"Lerma se sum\u00f3 al Simulacro Nacional 2024"},"content":{"rendered":"\n<blockquote class=\"wp-block-quote is-layout-flow wp-block-quote-is-layout-flow\">\n<p>En la evacuaci\u00f3n de los centros de trabajo, participaron servidores p\u00fablicos del Ayuntamiento, Dif, Imcufide y Opdapas, presentando saldo blanco.<\/p>\n<\/blockquote>\n\n\n\n<p>Formando parte del Simulacro Nacional 2024, el gobierno municipal de Lerma que encabeza el alcalde Miguel \u00c1ngel Ram\u00edrez Ponce, particip\u00f3 en las labores de evacuaci\u00f3n como parte de un ejercicio preventivo, en conmemoraci\u00f3n del D\u00eda Nacional de Protecci\u00f3n Civil.<br><\/p>\n\n\n\n<p>El alcalde inform\u00f3 que el hipot\u00e9tico sismo, tuvo una percepci\u00f3n moderada en el municipio de Lerma, sin da\u00f1os en viviendas, infraestructura, edificios hist\u00f3ricos ni instalaciones estrat\u00e9gicas.<br><\/p>\n\n\n\n<figure class=\"wp-block-image size-large\"><img fetchpriority=\"high\" decoding=\"async\" width=\"1024\" height=\"503\" src=\"https:\/\/elinformante.mx\/wp-content\/uploads\/2024\/09\/11lerma-2-3-1024x503.jpg\" alt=\"\" class=\"wp-image-64531\" srcset=\"https:\/\/elinformante.mx\/wp-content\/uploads\/2024\/09\/11lerma-2-3-1024x503.jpg 1024w, https:\/\/elinformante.mx\/wp-content\/uploads\/2024\/09\/11lerma-2-3-300x147.jpg 300w, https:\/\/elinformante.mx\/wp-content\/uploads\/2024\/09\/11lerma-2-3-768x377.jpg 768w, https:\/\/elinformante.mx\/wp-content\/uploads\/2024\/09\/11lerma-2-3-580x285.jpg 580w, https:\/\/elinformante.mx\/wp-content\/uploads\/2024\/09\/11lerma-2-3-860x422.jpg 860w, https:\/\/elinformante.mx\/wp-content\/uploads\/2024\/09\/11lerma-2-3.jpg 1140w\" sizes=\"(max-width: 1024px) 100vw, 1024px\" \/><\/figure>\n\n\n\n<p>En la evacuaci\u00f3n de los centros de trabajo, participaron servidores p\u00fablicos del Ayuntamiento, Dif, Imcufide y Opdapas, en un tiempo, de 1 minuto 37 segundos, presentando saldo blanco.<br><\/p>\n\n\n\n<p>Yesenia Blas, coordinadora municipal de Protecci\u00f3n Civil y Bomberos de Lerma, mencion\u00f3 que este tipo de actividades son importantes para seguir fomentando en la poblaci\u00f3n, una cultura de prevenci\u00f3n.<br><\/p>\n\n\n\n<p>Blas agradeci\u00f3 al alcalde de Lerma por respaldar estas acciones preventivas. Adem\u00e1s destac\u00f3 la instalaci\u00f3n de un Sistema de Comando de Incidentes a cargo de la Coordinaci\u00f3n Municipal de Protecci\u00f3n Civil y de los Bomberos de Lerma, todo en conjunto de brigadistas de edificios p\u00fablicos y Seguridad Estatal.<\/p>\n","protected":false},"excerpt":{"rendered":"<p>En la evacuaci\u00f3n de los centros de trabajo, participaron servidores p\u00fablicos del Ayuntamiento, Dif, Imcufide y Opdapas, presentando saldo blanco. Formando parte del Simulacro Nacional 2024, el gobierno municipal de Lerma que encabeza el alcalde Miguel \u00c1ngel Ram\u00edrez Ponce, particip\u00f3 en las labores de evacuaci\u00f3n como parte de un ejercicio preventivo, en conmemoraci\u00f3n del D\u00eda [&hellip;]<\/p>\n","protected":false},"author":1,"featured_media":64530,"comment_status":"closed","ping_status":"closed","sticky":false,"template":"","format":"standard","meta":{"footnotes":""},"categories":[30,36],"tags":[],"class_list":["post-64529","post","type-post","status-publish","format-standard","has-post-thumbnail","hentry","category-destacado","category-edomex"],"_links":{"self":[{"href":"https:\/\/elinformante.mx\/index.php?rest_route=\/wp\/v2\/posts\/64529","targetHints":{"allow":["GET"]}}],"collection":[{"href":"https:\/\/elinformante.mx\/index.php?rest_route=\/wp\/v2\/posts"}],"about":[{"href":"https:\/\/elinformante.mx\/index.php?rest_route=\/wp\/v2\/types\/post"}],"author":[{"embeddable":true,"href":"https:\/\/elinformante.mx\/index.php?rest_route=\/wp\/v2\/users\/1"}],"replies":[{"embeddable":true,"href":"https:\/\/elinformante.mx\/index.php?rest_route=%2Fwp%2Fv2%2Fcomments&post=64529"}],"version-history":[{"count":0,"href":"https:\/\/elinformante.mx\/index.php?rest_route=\/wp\/v2\/posts\/64529\/revisions"}],"wp:featuredmedia":[{"embeddable":true,"href":"https:\/\/elinformante.mx\/index.php?rest_route=\/wp\/v2\/media\/64530"}],"wp:attachment":[{"href":"https:\/\/elinformante.mx\/index.php?rest_route=%2Fwp%2Fv2%2Fmedia&parent=64529"}],"wp:term":[{"taxonomy":"category","embeddable":true,"href":"https:\/\/elinformante.mx\/index.php?rest_route=%2Fwp%2Fv2%2Fcategories&post=64529"},{"taxonomy":"post_tag","embeddable":true,"href":"https:\/\/elinformante.mx\/index.php?rest_route=%2Fwp%2Fv2%2Ftags&post=64529"}],"curies":[{"name":"wp","href":"https:\/\/api.w.org\/{rel}","templated":true}]}}