{"id":64546,"date":"2024-09-20T06:55:39","date_gmt":"2024-09-20T12:55:39","guid":{"rendered":"https:\/\/elinformante.mx\/?p=64546"},"modified":"2024-09-20T06:56:45","modified_gmt":"2024-09-20T12:56:45","slug":"senador-enrique-vargas-a-la-comision-de-defensa-nacional","status":"publish","type":"post","link":"https:\/\/elinformante.mx\/?p=64546","title":{"rendered":"Senador Enrique Vargas a la Comisi\u00f3n de Defensa Nacional"},"content":{"rendered":"\n<blockquote class=\"wp-block-quote is-layout-flow wp-block-quote-is-layout-flow\">\n<p>El senador panista afirm\u00f3 que su partido respaldar\u00e1 en materia de seguridad al pr\u00f3ximo gobierno.<\/p>\n<\/blockquote>\n\n\n\n<p>Al ser nombrado como integrante de la comisi\u00f3n de la Defensa Nacional en el Senado de la Rep\u00fablica, Enrique Vargas del Villar, destaco que el PAN tiene muy claro que la seguridad es el gran reto a trabajar en el pa\u00eds.<br><\/p>\n\n\n\n<figure class=\"wp-block-image size-large\"><img fetchpriority=\"high\" decoding=\"async\" width=\"1024\" height=\"503\" src=\"https:\/\/elinformante.mx\/wp-content\/uploads\/2024\/09\/8enrique-1024x503.jpg\" alt=\"\" class=\"wp-image-64548\" srcset=\"https:\/\/elinformante.mx\/wp-content\/uploads\/2024\/09\/8enrique-1024x503.jpg 1024w, https:\/\/elinformante.mx\/wp-content\/uploads\/2024\/09\/8enrique-300x147.jpg 300w, https:\/\/elinformante.mx\/wp-content\/uploads\/2024\/09\/8enrique-768x377.jpg 768w, https:\/\/elinformante.mx\/wp-content\/uploads\/2024\/09\/8enrique-580x285.jpg 580w, https:\/\/elinformante.mx\/wp-content\/uploads\/2024\/09\/8enrique-860x422.jpg 860w, https:\/\/elinformante.mx\/wp-content\/uploads\/2024\/09\/8enrique.jpg 1140w\" sizes=\"(max-width: 1024px) 100vw, 1024px\" \/><\/figure>\n\n\n\n<p>El Senador por el Estado de M\u00e9xico, mencion\u00f3 ante los integrantes de esta comisi\u00f3n, que la seguridad no debe verse por colores partidistas, sino como mexicanos unidos para sacar adelante al pa\u00eds.<br><\/p>\n\n\n\n<p>Enrique Vargas del Villar, respald\u00f3 al gobierno de la presidenta electa Claudia Sheinbaum, en materia de seguridad y combate a la delincuencia.<br><\/p>\n\n\n\n<figure class=\"wp-block-image size-large\"><img decoding=\"async\" width=\"1024\" height=\"503\" src=\"https:\/\/elinformante.mx\/wp-content\/uploads\/2024\/09\/8enrique-4-1024x503.jpg\" alt=\"\" class=\"wp-image-64549\" srcset=\"https:\/\/elinformante.mx\/wp-content\/uploads\/2024\/09\/8enrique-4-1024x503.jpg 1024w, https:\/\/elinformante.mx\/wp-content\/uploads\/2024\/09\/8enrique-4-300x147.jpg 300w, https:\/\/elinformante.mx\/wp-content\/uploads\/2024\/09\/8enrique-4-768x377.jpg 768w, https:\/\/elinformante.mx\/wp-content\/uploads\/2024\/09\/8enrique-4-580x285.jpg 580w, https:\/\/elinformante.mx\/wp-content\/uploads\/2024\/09\/8enrique-4-860x422.jpg 860w, https:\/\/elinformante.mx\/wp-content\/uploads\/2024\/09\/8enrique-4.jpg 1140w\" sizes=\"(max-width: 1024px) 100vw, 1024px\" \/><\/figure>\n\n\n\n<p>\u201cC\u00f3mo mexicanos tenemos que unirnos para sacar adelante a M\u00e9xico. En los tiempos que vienen debemos estar juntos como mexicanos. Cada sexenio hemos venido viendo el tema de la seguridad, por eso Acci\u00f3n Nacional est\u00e1 firme en respaldar al pr\u00f3ximo gobierno en materia de seguridad por el bien de M\u00e9xico\u201d, destac\u00f3 Vargas.<br><\/p>\n\n\n\n<p>Vargas del Villar hizo un reconocimiento a las Fuerzas Armadas porque en los tiempos que vienen los mexicanos debemos estar juntos, ante el incremento de los homicidios, dijo.<br><\/p>\n\n\n\n<figure class=\"wp-block-image size-large\"><img decoding=\"async\" width=\"1024\" height=\"503\" src=\"https:\/\/elinformante.mx\/wp-content\/uploads\/2024\/09\/8enrique-2-1024x503.jpg\" alt=\"\" class=\"wp-image-64550\" srcset=\"https:\/\/elinformante.mx\/wp-content\/uploads\/2024\/09\/8enrique-2-1024x503.jpg 1024w, https:\/\/elinformante.mx\/wp-content\/uploads\/2024\/09\/8enrique-2-300x147.jpg 300w, https:\/\/elinformante.mx\/wp-content\/uploads\/2024\/09\/8enrique-2-768x377.jpg 768w, https:\/\/elinformante.mx\/wp-content\/uploads\/2024\/09\/8enrique-2-580x285.jpg 580w, https:\/\/elinformante.mx\/wp-content\/uploads\/2024\/09\/8enrique-2-860x422.jpg 860w, https:\/\/elinformante.mx\/wp-content\/uploads\/2024\/09\/8enrique-2.jpg 1140w\" sizes=\"(max-width: 1024px) 100vw, 1024px\" \/><\/figure>\n\n\n\n<p>Afirm\u00f3 que el tema de seguridad no es exclusivo de un partido pol\u00edtico, sino que le compete a toda la naci\u00f3n<br><\/p>\n\n\n\n<p>Recalc\u00f3 que Acci\u00f3n Nacional se muestra firme en respaldar los trabajos de seguridad del pr\u00f3ximo gobierno federal, por el bien de M\u00e9xico, por el bien de las pr\u00f3ximas generaciones.<\/p>\n\n\n\n<figure class=\"wp-block-image size-large\"><img loading=\"lazy\" decoding=\"async\" width=\"1024\" height=\"503\" src=\"https:\/\/elinformante.mx\/wp-content\/uploads\/2024\/09\/8enrique-5-1024x503.jpg\" alt=\"\" class=\"wp-image-64551\" srcset=\"https:\/\/elinformante.mx\/wp-content\/uploads\/2024\/09\/8enrique-5-1024x503.jpg 1024w, https:\/\/elinformante.mx\/wp-content\/uploads\/2024\/09\/8enrique-5-300x147.jpg 300w, https:\/\/elinformante.mx\/wp-content\/uploads\/2024\/09\/8enrique-5-768x377.jpg 768w, https:\/\/elinformante.mx\/wp-content\/uploads\/2024\/09\/8enrique-5-580x285.jpg 580w, https:\/\/elinformante.mx\/wp-content\/uploads\/2024\/09\/8enrique-5-860x422.jpg 860w, https:\/\/elinformante.mx\/wp-content\/uploads\/2024\/09\/8enrique-5.jpg 1140w\" sizes=\"(max-width: 1024px) 100vw, 1024px\" \/><\/figure>\n","protected":false},"excerpt":{"rendered":"<p>El senador panista afirm\u00f3 que su partido respaldar\u00e1 en materia de seguridad al pr\u00f3ximo gobierno. Al ser nombrado como integrante de la comisi\u00f3n de la Defensa Nacional en el Senado de la Rep\u00fablica, Enrique Vargas del Villar, destaco que el PAN tiene muy claro que la seguridad es el gran reto a trabajar en el [&hellip;]<\/p>\n","protected":false},"author":1,"featured_media":64547,"comment_status":"closed","ping_status":"closed","sticky":false,"template":"","format":"standard","meta":{"footnotes":""},"categories":[30,36,31],"tags":[],"class_list":["post-64546","post","type-post","status-publish","format-standard","has-post-thumbnail","hentry","category-destacado","category-edomex","category-portada"],"_links":{"self":[{"href":"https:\/\/elinformante.mx\/index.php?rest_route=\/wp\/v2\/posts\/64546","targetHints":{"allow":["GET"]}}],"collection":[{"href":"https:\/\/elinformante.mx\/index.php?rest_route=\/wp\/v2\/posts"}],"about":[{"href":"https:\/\/elinformante.mx\/index.php?rest_route=\/wp\/v2\/types\/post"}],"author":[{"embeddable":true,"href":"https:\/\/elinformante.mx\/index.php?rest_route=\/wp\/v2\/users\/1"}],"replies":[{"embeddable":true,"href":"https:\/\/elinformante.mx\/index.php?rest_route=%2Fwp%2Fv2%2Fcomments&post=64546"}],"version-history":[{"count":0,"href":"https:\/\/elinformante.mx\/index.php?rest_route=\/wp\/v2\/posts\/64546\/revisions"}],"wp:featuredmedia":[{"embeddable":true,"href":"https:\/\/elinformante.mx\/index.php?rest_route=\/wp\/v2\/media\/64547"}],"wp:attachment":[{"href":"https:\/\/elinformante.mx\/index.php?rest_route=%2Fwp%2Fv2%2Fmedia&parent=64546"}],"wp:term":[{"taxonomy":"category","embeddable":true,"href":"https:\/\/elinformante.mx\/index.php?rest_route=%2Fwp%2Fv2%2Fcategories&post=64546"},{"taxonomy":"post_tag","embeddable":true,"href":"https:\/\/elinformante.mx\/index.php?rest_route=%2Fwp%2Fv2%2Ftags&post=64546"}],"curies":[{"name":"wp","href":"https:\/\/api.w.org\/{rel}","templated":true}]}}